{"id":14671,"date":"2019-11-24T15:01:29","date_gmt":"2019-11-24T14:01:29","guid":{"rendered":"http:\/\/www.perledechapeau.be\/?p=14671"},"modified":"2019-11-24T15:01:31","modified_gmt":"2019-11-24T14:01:31","slug":"marche-artisanal-de-noel-de-larsenal-de-namur","status":"publish","type":"post","link":"http:\/\/www.perledechapeau.be\/index.php\/2019\/11\/24\/marche-artisanal-de-noel-de-larsenal-de-namur\/","title":{"rendered":"March\u00e9 artisanal de No\u00ebl de l&rsquo;Arsenal de Namur"},"content":{"rendered":"\n<p style=\"text-align:center\">Venez d\u00e9couvrir mes cr\u00e9ations au march\u00e9 artisanal de l&rsquo;arsenal de Namur <\/p>\n\n\n\n<p style=\"text-align:center\">Les heures d&rsquo;ouverture sont les suivantes:<\/p>\n\n\n\n<p><\/p>\n\n\n\n<p>Vendredi 17 d\u00e9cembre de 17h \u00e0 21 h<\/p>\n\n\n\n<p style=\"text-align:left\">Samedi 18 d\u00e9cembre de 10h \u00e0 18h<\/p>\n\n\n\n<p style=\"text-align:left\">Dimanche 19 d\u00e9cembre de 10h \u00e0 18h  <\/p>\n","protected":false},"excerpt":{"rendered":"<p>Venez d\u00e9couvrir mes cr\u00e9ations au march\u00e9 artisanal de l&rsquo;arsenal de Namur Les heures d&rsquo;ouverture sont les suivantes: Vendredi 17 d\u00e9cembre de 17h \u00e0 21 h Samedi 18 d\u00e9cembre de 10h<\/p>\n","protected":false},"author":3,"featured_media":14648,"comment_status":"closed","ping_status":"closed","sticky":false,"template":"","format":"standard","meta":[],"categories":[87,4],"tags":[],"acf":[],"_links":{"self":[{"href":"http:\/\/www.perledechapeau.be\/index.php\/wp-json\/wp\/v2\/posts\/14671"}],"collection":[{"href":"http:\/\/www.perledechapeau.be\/index.php\/wp-json\/wp\/v2\/posts"}],"about":[{"href":"http:\/\/www.perledechapeau.be\/index.php\/wp-json\/wp\/v2\/types\/post"}],"author":[{"embeddable":true,"href":"http:\/\/www.perledechapeau.be\/index.php\/wp-json\/wp\/v2\/users\/3"}],"replies":[{"embeddable":true,"href":"http:\/\/www.perledechapeau.be\/index.php\/wp-json\/wp\/v2\/comments?post=14671"}],"version-history":[{"count":1,"href":"http:\/\/www.perledechapeau.be\/index.php\/wp-json\/wp\/v2\/posts\/14671\/revisions"}],"predecessor-version":[{"id":14672,"href":"http:\/\/www.perledechapeau.be\/index.php\/wp-json\/wp\/v2\/posts\/14671\/revisions\/14672"}],"wp:featuredmedia":[{"embeddable":true,"href":"http:\/\/www.perledechapeau.be\/index.php\/wp-json\/wp\/v2\/media\/14648"}],"wp:attachment":[{"href":"http:\/\/www.perledechapeau.be\/index.php\/wp-json\/wp\/v2\/media?parent=14671"}],"wp:term":[{"taxonomy":"category","embeddable":true,"href":"http:\/\/www.perledechapeau.be\/index.php\/wp-json\/wp\/v2\/categories?post=14671"},{"taxonomy":"post_tag","embeddable":true,"href":"http:\/\/www.perledechapeau.be\/index.php\/wp-json\/wp\/v2\/tags?post=14671"}],"curies":[{"name":"wp","href":"https:\/\/api.w.org\/{rel}","templated":true}]}}