{"id":14666,"date":"2019-11-24T14:52:05","date_gmt":"2019-11-24T13:52:05","guid":{"rendered":"http:\/\/www.perledechapeau.be\/?p=14666"},"modified":"2019-11-24T15:35:16","modified_gmt":"2019-11-24T14:35:16","slug":"marche-de-noel-de-stavelot","status":"publish","type":"post","link":"http:\/\/www.perledechapeau.be\/index.php\/2019\/11\/24\/marche-de-noel-de-stavelot\/","title":{"rendered":"March\u00e9 de No\u00ebl de Stavelot 2019"},"content":{"rendered":"\n<p style=\"text-align:center\">Je serai \u00e0 l&rsquo;abbaye de Stavelot pour vous accueillir dans une ambiance de No\u00ebl &#8230; Venez y d\u00e9couvrir un lieu chaleureux &#8230; et mes nouvelles cr\u00e9ations le 7 d\u00e9cembre de 15h \u00e0 21h et le 8 d\u00e9cembre de 10h \u00e0 18h<\/p>\n\n\n\n<p><br><\/p>\n","protected":false},"excerpt":{"rendered":"<p>Je serai \u00e0 l&rsquo;abbaye de Stavelot pour vous accueillir dans une ambiance de No\u00ebl &#8230; Venez y d\u00e9couvrir un lieu chaleureux &#8230; et mes nouvelles cr\u00e9ations le 7 d\u00e9cembre de<\/p>\n","protected":false},"author":3,"featured_media":14647,"comment_status":"closed","ping_status":"closed","sticky":false,"template":"","format":"standard","meta":[],"categories":[87,4],"tags":[],"acf":[],"_links":{"self":[{"href":"http:\/\/www.perledechapeau.be\/index.php\/wp-json\/wp\/v2\/posts\/14666"}],"collection":[{"href":"http:\/\/www.perledechapeau.be\/index.php\/wp-json\/wp\/v2\/posts"}],"about":[{"href":"http:\/\/www.perledechapeau.be\/index.php\/wp-json\/wp\/v2\/types\/post"}],"author":[{"embeddable":true,"href":"http:\/\/www.perledechapeau.be\/index.php\/wp-json\/wp\/v2\/users\/3"}],"replies":[{"embeddable":true,"href":"http:\/\/www.perledechapeau.be\/index.php\/wp-json\/wp\/v2\/comments?post=14666"}],"version-history":[{"count":2,"href":"http:\/\/www.perledechapeau.be\/index.php\/wp-json\/wp\/v2\/posts\/14666\/revisions"}],"predecessor-version":[{"id":14668,"href":"http:\/\/www.perledechapeau.be\/index.php\/wp-json\/wp\/v2\/posts\/14666\/revisions\/14668"}],"wp:featuredmedia":[{"embeddable":true,"href":"http:\/\/www.perledechapeau.be\/index.php\/wp-json\/wp\/v2\/media\/14647"}],"wp:attachment":[{"href":"http:\/\/www.perledechapeau.be\/index.php\/wp-json\/wp\/v2\/media?parent=14666"}],"wp:term":[{"taxonomy":"category","embeddable":true,"href":"http:\/\/www.perledechapeau.be\/index.php\/wp-json\/wp\/v2\/categories?post=14666"},{"taxonomy":"post_tag","embeddable":true,"href":"http:\/\/www.perledechapeau.be\/index.php\/wp-json\/wp\/v2\/tags?post=14666"}],"curies":[{"name":"wp","href":"https:\/\/api.w.org\/{rel}","templated":true}]}}