{"id":14664,"date":"2019-11-24T14:48:28","date_gmt":"2019-11-24T13:48:28","guid":{"rendered":"http:\/\/www.perledechapeau.be\/?p=14664"},"modified":"2019-11-24T14:49:24","modified_gmt":"2019-11-24T13:49:24","slug":"feerie-des-artisans-marche-de-lavent-au-chateau-de-harze","status":"publish","type":"post","link":"http:\/\/www.perledechapeau.be\/index.php\/2019\/11\/24\/feerie-des-artisans-marche-de-lavent-au-chateau-de-harze\/","title":{"rendered":"\u00ab\u00a0F\u00e9\u00e9rie des artisans\u00a0\u00bb March\u00e9 de l&rsquo;Avent au ch\u00e2teau de Harz\u00e9"},"content":{"rendered":"\n<p><\/p>\n\n\n\n<p><\/p>\n\n\n\n<p><\/p>\n\n\n\n<p style=\"text-align:center\">Venez d\u00e9couvrir mes cr\u00e9ations au ch\u00e2teau de Harz\u00e9 du vendredi 29 Novembre au Dimanche 1er D\u00e9cembre  <\/p>\n\n\n\n<p style=\"text-align:center\">Les heures d&rsquo;ouverture sont les suivantes:<\/p>\n\n\n\n<p><\/p>\n\n\n\n<p>Vendredi 29 de 17h \u00e0 21 h<\/p>\n\n\n\n<p style=\"text-align:left\">Samedi 30 de 11h \u00e0 20h<\/p>\n\n\n\n<p style=\"text-align:left\">Dimanche 1er de 11h \u00e0 18h  <\/p>\n","protected":false},"excerpt":{"rendered":"<p>Venez d\u00e9couvrir mes cr\u00e9ations au ch\u00e2teau de Harz\u00e9 du vendredi 29 Novembre au Dimanche 1er D\u00e9cembre Les heures d&rsquo;ouverture sont les suivantes: Vendredi 29 de 17h \u00e0 21 h Samedi<\/p>\n","protected":false},"author":3,"featured_media":14646,"comment_status":"closed","ping_status":"closed","sticky":false,"template":"","format":"standard","meta":[],"categories":[87,4],"tags":[],"acf":[],"_links":{"self":[{"href":"http:\/\/www.perledechapeau.be\/index.php\/wp-json\/wp\/v2\/posts\/14664"}],"collection":[{"href":"http:\/\/www.perledechapeau.be\/index.php\/wp-json\/wp\/v2\/posts"}],"about":[{"href":"http:\/\/www.perledechapeau.be\/index.php\/wp-json\/wp\/v2\/types\/post"}],"author":[{"embeddable":true,"href":"http:\/\/www.perledechapeau.be\/index.php\/wp-json\/wp\/v2\/users\/3"}],"replies":[{"embeddable":true,"href":"http:\/\/www.perledechapeau.be\/index.php\/wp-json\/wp\/v2\/comments?post=14664"}],"version-history":[{"count":1,"href":"http:\/\/www.perledechapeau.be\/index.php\/wp-json\/wp\/v2\/posts\/14664\/revisions"}],"predecessor-version":[{"id":14665,"href":"http:\/\/www.perledechapeau.be\/index.php\/wp-json\/wp\/v2\/posts\/14664\/revisions\/14665"}],"wp:featuredmedia":[{"embeddable":true,"href":"http:\/\/www.perledechapeau.be\/index.php\/wp-json\/wp\/v2\/media\/14646"}],"wp:attachment":[{"href":"http:\/\/www.perledechapeau.be\/index.php\/wp-json\/wp\/v2\/media?parent=14664"}],"wp:term":[{"taxonomy":"category","embeddable":true,"href":"http:\/\/www.perledechapeau.be\/index.php\/wp-json\/wp\/v2\/categories?post=14664"},{"taxonomy":"post_tag","embeddable":true,"href":"http:\/\/www.perledechapeau.be\/index.php\/wp-json\/wp\/v2\/tags?post=14664"}],"curies":[{"name":"wp","href":"https:\/\/api.w.org\/{rel}","templated":true}]}}