{"id":14662,"date":"2019-10-24T14:38:56","date_gmt":"2019-10-24T13:38:56","guid":{"rendered":"http:\/\/www.perledechapeau.be\/?p=14662"},"modified":"2019-11-24T14:41:05","modified_gmt":"2019-11-24T13:41:05","slug":"connaissance-de-artistes-ansois-2019","status":"publish","type":"post","link":"http:\/\/www.perledechapeau.be\/index.php\/2019\/10\/24\/connaissance-de-artistes-ansois-2019\/","title":{"rendered":"Connaissance de artistes ansois 2019"},"content":{"rendered":"\n<p style=\"text-align:center\">Je serai au ch\u00e2teau de Waroux ces 1er, 2 et 3 Novembre 2019 pour vous pr\u00e9senter mes cr\u00e9ations de 14h \u00e0 18h. Bienvenue \u00e0 tous !<\/p>\n\n\n\n<p style=\"text-align:center\"><\/p>\n","protected":false},"excerpt":{"rendered":"<p>Je serai au ch\u00e2teau de Waroux ces 1er, 2 et 3 Novembre 2019 pour vous pr\u00e9senter mes cr\u00e9ations de 14h \u00e0 18h. Bienvenue \u00e0 tous !<\/p>\n","protected":false},"author":3,"featured_media":14645,"comment_status":"closed","ping_status":"closed","sticky":false,"template":"","format":"standard","meta":[],"categories":[87,4],"tags":[],"acf":[],"_links":{"self":[{"href":"http:\/\/www.perledechapeau.be\/index.php\/wp-json\/wp\/v2\/posts\/14662"}],"collection":[{"href":"http:\/\/www.perledechapeau.be\/index.php\/wp-json\/wp\/v2\/posts"}],"about":[{"href":"http:\/\/www.perledechapeau.be\/index.php\/wp-json\/wp\/v2\/types\/post"}],"author":[{"embeddable":true,"href":"http:\/\/www.perledechapeau.be\/index.php\/wp-json\/wp\/v2\/users\/3"}],"replies":[{"embeddable":true,"href":"http:\/\/www.perledechapeau.be\/index.php\/wp-json\/wp\/v2\/comments?post=14662"}],"version-history":[{"count":1,"href":"http:\/\/www.perledechapeau.be\/index.php\/wp-json\/wp\/v2\/posts\/14662\/revisions"}],"predecessor-version":[{"id":14663,"href":"http:\/\/www.perledechapeau.be\/index.php\/wp-json\/wp\/v2\/posts\/14662\/revisions\/14663"}],"wp:featuredmedia":[{"embeddable":true,"href":"http:\/\/www.perledechapeau.be\/index.php\/wp-json\/wp\/v2\/media\/14645"}],"wp:attachment":[{"href":"http:\/\/www.perledechapeau.be\/index.php\/wp-json\/wp\/v2\/media?parent=14662"}],"wp:term":[{"taxonomy":"category","embeddable":true,"href":"http:\/\/www.perledechapeau.be\/index.php\/wp-json\/wp\/v2\/categories?post=14662"},{"taxonomy":"post_tag","embeddable":true,"href":"http:\/\/www.perledechapeau.be\/index.php\/wp-json\/wp\/v2\/tags?post=14662"}],"curies":[{"name":"wp","href":"https:\/\/api.w.org\/{rel}","templated":true}]}}