{"id":14586,"date":"2019-03-17T21:49:29","date_gmt":"2019-03-17T20:49:29","guid":{"rendered":"http:\/\/www.perledechapeau.be\/?p=14586"},"modified":"2019-04-06T09:21:57","modified_gmt":"2019-04-06T08:21:57","slug":"exposition-a-la-galerie-omada","status":"publish","type":"post","link":"http:\/\/www.perledechapeau.be\/index.php\/2019\/03\/17\/exposition-a-la-galerie-omada\/","title":{"rendered":"Exposition \u00e0 la galerie OMADA"},"content":{"rendered":"[vc_row][vc_column][vc_column_text]\n<p>Venez y d\u00e9couvrir mes cr\u00e9ations ainsi que les cr\u00e9ations de trois autres artisans  &#8230;<\/p>\n\n\n\n<p> La galerie se situe rue Vinave 36, 4030 Grivegn\u00e9e  <\/p>\n\n\n\n<p>Vous \u00eates cordialement invit\u00e9 au vernissage le mercredi 3 avril \u00e0 19h. <\/p>\n\n\n\n<p>Ouverture de l&rsquo;exposition d\u00e8s le mercredi 3 avril \u00e0 14h<\/p>\n\n\n\n<p>Ouverture jeudi 4 et lundi 8 de 14 \u00e0 18h, <\/p>\n\n\n\n<p>Vendredi 5 de 11h \u00e0 21 h <\/p>\n\n\n\n<p>Samedi 6 et dimanche 7 de 11h \u00e0 19h<\/p>\n\n\n\n<p> <\/p>\n[\/vc_column_text][\/vc_column][\/vc_row]","protected":false},"excerpt":{"rendered":"<p>[vc_row][vc_column][vc_column_text] Venez y d\u00e9couvrir mes cr\u00e9ations ainsi que les cr\u00e9ations de trois autres artisans &#8230; La galerie se situe rue Vinave 36, 4030 Grivegn\u00e9e Vous \u00eates cordialement invit\u00e9 au vernissage<\/p>\n","protected":false},"author":3,"featured_media":14566,"comment_status":"open","ping_status":"open","sticky":false,"template":"","format":"standard","meta":[],"categories":[87,4],"tags":[],"acf":[],"_links":{"self":[{"href":"http:\/\/www.perledechapeau.be\/index.php\/wp-json\/wp\/v2\/posts\/14586"}],"collection":[{"href":"http:\/\/www.perledechapeau.be\/index.php\/wp-json\/wp\/v2\/posts"}],"about":[{"href":"http:\/\/www.perledechapeau.be\/index.php\/wp-json\/wp\/v2\/types\/post"}],"author":[{"embeddable":true,"href":"http:\/\/www.perledechapeau.be\/index.php\/wp-json\/wp\/v2\/users\/3"}],"replies":[{"embeddable":true,"href":"http:\/\/www.perledechapeau.be\/index.php\/wp-json\/wp\/v2\/comments?post=14586"}],"version-history":[{"count":2,"href":"http:\/\/www.perledechapeau.be\/index.php\/wp-json\/wp\/v2\/posts\/14586\/revisions"}],"predecessor-version":[{"id":14635,"href":"http:\/\/www.perledechapeau.be\/index.php\/wp-json\/wp\/v2\/posts\/14586\/revisions\/14635"}],"wp:featuredmedia":[{"embeddable":true,"href":"http:\/\/www.perledechapeau.be\/index.php\/wp-json\/wp\/v2\/media\/14566"}],"wp:attachment":[{"href":"http:\/\/www.perledechapeau.be\/index.php\/wp-json\/wp\/v2\/media?parent=14586"}],"wp:term":[{"taxonomy":"category","embeddable":true,"href":"http:\/\/www.perledechapeau.be\/index.php\/wp-json\/wp\/v2\/categories?post=14586"},{"taxonomy":"post_tag","embeddable":true,"href":"http:\/\/www.perledechapeau.be\/index.php\/wp-json\/wp\/v2\/tags?post=14586"}],"curies":[{"name":"wp","href":"https:\/\/api.w.org\/{rel}","templated":true}]}}