{"id":14578,"date":"2019-03-17T21:19:23","date_gmt":"2019-03-17T20:19:23","guid":{"rendered":"http:\/\/www.perledechapeau.be\/?p=14578"},"modified":"2019-03-17T21:53:26","modified_gmt":"2019-03-17T20:53:26","slug":"art-craft-design","status":"publish","type":"post","link":"http:\/\/www.perledechapeau.be\/index.php\/2019\/03\/17\/art-craft-design\/","title":{"rendered":"Art, Craft &#038; design,"},"content":{"rendered":"\n<p><br><\/p>\n\n\n\n<p>Salon de l&rsquo;art, du design et de l&rsquo;artisanat &#8230;..<\/p>\n\n\n\n<p>Venez y d\u00e9couvrir mes nouveaux chapeaux pour l&rsquo;\u00e9t\u00e9 2019 !<\/p>\n\n\n\n<p> Les 23 et 24 mars 2019  au Het Xpand, Tervantstraat 2A, 3583 Paal-Beringen<\/p>\n\n\n\n<!--more-->\n\n\n\n<p>L&rsquo;entr\u00e9e est de 3\u20ac<\/p>\n\n\n\n<p><strong>L&rsquo;horaire est le suivant:<\/strong><\/p>\n\n\n\n<p>Samedi 23 mars et Dimanche 24 mars de 10h \u00e0 18h<\/p>\n","protected":false},"excerpt":{"rendered":"<p>Salon de l&rsquo;art, du design et de l&rsquo;artisanat &#8230;.. Venez y d\u00e9couvrir mes nouveaux chapeaux pour l&rsquo;\u00e9t\u00e9 2019 ! Les 23 et 24 mars 2019 au Het Xpand, Tervantstraat 2A,<\/p>\n","protected":false},"author":3,"featured_media":14565,"comment_status":"open","ping_status":"open","sticky":false,"template":"","format":"gallery","meta":[],"categories":[87,4],"tags":[],"acf":[],"_links":{"self":[{"href":"http:\/\/www.perledechapeau.be\/index.php\/wp-json\/wp\/v2\/posts\/14578"}],"collection":[{"href":"http:\/\/www.perledechapeau.be\/index.php\/wp-json\/wp\/v2\/posts"}],"about":[{"href":"http:\/\/www.perledechapeau.be\/index.php\/wp-json\/wp\/v2\/types\/post"}],"author":[{"embeddable":true,"href":"http:\/\/www.perledechapeau.be\/index.php\/wp-json\/wp\/v2\/users\/3"}],"replies":[{"embeddable":true,"href":"http:\/\/www.perledechapeau.be\/index.php\/wp-json\/wp\/v2\/comments?post=14578"}],"version-history":[{"count":3,"href":"http:\/\/www.perledechapeau.be\/index.php\/wp-json\/wp\/v2\/posts\/14578\/revisions"}],"predecessor-version":[{"id":14585,"href":"http:\/\/www.perledechapeau.be\/index.php\/wp-json\/wp\/v2\/posts\/14578\/revisions\/14585"}],"wp:featuredmedia":[{"embeddable":true,"href":"http:\/\/www.perledechapeau.be\/index.php\/wp-json\/wp\/v2\/media\/14565"}],"wp:attachment":[{"href":"http:\/\/www.perledechapeau.be\/index.php\/wp-json\/wp\/v2\/media?parent=14578"}],"wp:term":[{"taxonomy":"category","embeddable":true,"href":"http:\/\/www.perledechapeau.be\/index.php\/wp-json\/wp\/v2\/categories?post=14578"},{"taxonomy":"post_tag","embeddable":true,"href":"http:\/\/www.perledechapeau.be\/index.php\/wp-json\/wp\/v2\/tags?post=14578"}],"curies":[{"name":"wp","href":"https:\/\/api.w.org\/{rel}","templated":true}]}}