{"id":14537,"date":"2018-12-05T21:32:19","date_gmt":"2018-12-05T20:32:19","guid":{"rendered":"http:\/\/www.perledechapeau.be\/?p=14537"},"modified":"2019-11-24T13:56:27","modified_gmt":"2019-11-24T12:56:27","slug":"marche-de-noel-du-chateau-de-jehay-2018","status":"publish","type":"post","link":"http:\/\/www.perledechapeau.be\/index.php\/2018\/12\/05\/marche-de-noel-du-chateau-de-jehay-2018\/","title":{"rendered":"March\u00e9 de No\u00ebl du ch\u00e2teau de Jehay 2018"},"content":{"rendered":"<p style=\"text-align: center;\">Venez vivre la magie de No\u00ebl dans le merveilleux cadre du ch\u00e2teau de Jehay. Je vous y pr\u00e9senterai mes chapeaux les 15 et 16 d\u00e9cembre 2018<\/p>\n<p style=\"text-align: center;\"><!--more--><\/p>\n<p style=\"text-align: center;\">L&rsquo;entr\u00e9e est gratuite<\/p>\n<p style=\"text-align: center;\"><strong>L&rsquo;horaire est le suivant:<\/strong><\/p>\n<p style=\"text-align: center;\">Samedi 15 d\u00e9cembre de 14h \u00e0 minuit<\/p>\n<p style=\"text-align: center;\">Dimanche 16 d\u00e9cembre de 12h \u00e0 21h<\/p>\n","protected":false},"excerpt":{"rendered":"<p>Venez vivre la magie de No\u00ebl dans le merveilleux cadre du ch\u00e2teau de Jehay. Je vous y pr\u00e9senterai mes chapeaux les 15 et 16 d\u00e9cembre 2018<\/p>\n","protected":false},"author":3,"featured_media":14526,"comment_status":"closed","ping_status":"closed","sticky":false,"template":"","format":"standard","meta":[],"categories":[87,4],"tags":[],"acf":[],"_links":{"self":[{"href":"http:\/\/www.perledechapeau.be\/index.php\/wp-json\/wp\/v2\/posts\/14537"}],"collection":[{"href":"http:\/\/www.perledechapeau.be\/index.php\/wp-json\/wp\/v2\/posts"}],"about":[{"href":"http:\/\/www.perledechapeau.be\/index.php\/wp-json\/wp\/v2\/types\/post"}],"author":[{"embeddable":true,"href":"http:\/\/www.perledechapeau.be\/index.php\/wp-json\/wp\/v2\/users\/3"}],"replies":[{"embeddable":true,"href":"http:\/\/www.perledechapeau.be\/index.php\/wp-json\/wp\/v2\/comments?post=14537"}],"version-history":[{"count":1,"href":"http:\/\/www.perledechapeau.be\/index.php\/wp-json\/wp\/v2\/posts\/14537\/revisions"}],"predecessor-version":[{"id":14538,"href":"http:\/\/www.perledechapeau.be\/index.php\/wp-json\/wp\/v2\/posts\/14537\/revisions\/14538"}],"wp:featuredmedia":[{"embeddable":true,"href":"http:\/\/www.perledechapeau.be\/index.php\/wp-json\/wp\/v2\/media\/14526"}],"wp:attachment":[{"href":"http:\/\/www.perledechapeau.be\/index.php\/wp-json\/wp\/v2\/media?parent=14537"}],"wp:term":[{"taxonomy":"category","embeddable":true,"href":"http:\/\/www.perledechapeau.be\/index.php\/wp-json\/wp\/v2\/categories?post=14537"},{"taxonomy":"post_tag","embeddable":true,"href":"http:\/\/www.perledechapeau.be\/index.php\/wp-json\/wp\/v2\/tags?post=14537"}],"curies":[{"name":"wp","href":"https:\/\/api.w.org\/{rel}","templated":true}]}}