{"id":14531,"date":"2018-12-05T21:23:02","date_gmt":"2018-12-05T20:23:02","guid":{"rendered":"http:\/\/www.perledechapeau.be\/?p=14531"},"modified":"2018-12-07T20:36:11","modified_gmt":"2018-12-07T19:36:11","slug":"marche-de-noel-2018-de-ixelles","status":"publish","type":"post","link":"http:\/\/www.perledechapeau.be\/index.php\/2018\/12\/05\/marche-de-noel-2018-de-ixelles\/","title":{"rendered":"March\u00e9 de No\u00ebl 2018 de Ixelles"},"content":{"rendered":"<p style=\"text-align: center;\">Je participe pour la premi\u00e8re fois au grand march\u00e9 de No\u00ebl d Ixelles. J&rsquo;aurai le plaisir de vous y accueillir du 7 au 9 d\u00e9cembre 2018<\/p>\n<p style=\"text-align: center;\"><!--more--><\/p>\n<p style=\"text-align: center;\">L&rsquo;entr\u00e9e est gratuite et l&rsquo; horaire est le suivant:<\/p>\n<p style=\"text-align: center;\">Vendredi 7 d\u00e9cembre de 12h30 \u00e0 22h<\/p>\n<p style=\"text-align: center;\">Samedi 8 d\u00e9cembre de 10h \u00e0 21h<\/p>\n<p style=\"text-align: center;\">Dimanche 9 d\u00e9cembre de 10h \u00e0 19h<\/p>\n","protected":false},"excerpt":{"rendered":"<p>Je participe pour la premi\u00e8re fois au grand march\u00e9 de No\u00ebl d Ixelles. J&rsquo;aurai le plaisir de vous y accueillir du 7 au 9 d\u00e9cembre 2018<\/p>\n","protected":false},"author":3,"featured_media":14533,"comment_status":"closed","ping_status":"closed","sticky":false,"template":"","format":"standard","meta":[],"categories":[87,4],"tags":[],"acf":[],"_links":{"self":[{"href":"http:\/\/www.perledechapeau.be\/index.php\/wp-json\/wp\/v2\/posts\/14531"}],"collection":[{"href":"http:\/\/www.perledechapeau.be\/index.php\/wp-json\/wp\/v2\/posts"}],"about":[{"href":"http:\/\/www.perledechapeau.be\/index.php\/wp-json\/wp\/v2\/types\/post"}],"author":[{"embeddable":true,"href":"http:\/\/www.perledechapeau.be\/index.php\/wp-json\/wp\/v2\/users\/3"}],"replies":[{"embeddable":true,"href":"http:\/\/www.perledechapeau.be\/index.php\/wp-json\/wp\/v2\/comments?post=14531"}],"version-history":[{"count":3,"href":"http:\/\/www.perledechapeau.be\/index.php\/wp-json\/wp\/v2\/posts\/14531\/revisions"}],"predecessor-version":[{"id":14536,"href":"http:\/\/www.perledechapeau.be\/index.php\/wp-json\/wp\/v2\/posts\/14531\/revisions\/14536"}],"wp:featuredmedia":[{"embeddable":true,"href":"http:\/\/www.perledechapeau.be\/index.php\/wp-json\/wp\/v2\/media\/14533"}],"wp:attachment":[{"href":"http:\/\/www.perledechapeau.be\/index.php\/wp-json\/wp\/v2\/media?parent=14531"}],"wp:term":[{"taxonomy":"category","embeddable":true,"href":"http:\/\/www.perledechapeau.be\/index.php\/wp-json\/wp\/v2\/categories?post=14531"},{"taxonomy":"post_tag","embeddable":true,"href":"http:\/\/www.perledechapeau.be\/index.php\/wp-json\/wp\/v2\/tags?post=14531"}],"curies":[{"name":"wp","href":"https:\/\/api.w.org\/{rel}","templated":true}]}}