{"id":14529,"date":"2018-12-05T21:10:55","date_gmt":"2018-12-05T20:10:55","guid":{"rendered":"http:\/\/www.perledechapeau.be\/?p=14529"},"modified":"2018-12-07T20:36:42","modified_gmt":"2018-12-07T19:36:42","slug":"marche-de-noel-2018-de-watermael-boitsfort","status":"publish","type":"post","link":"http:\/\/www.perledechapeau.be\/index.php\/2018\/12\/05\/marche-de-noel-2018-de-watermael-boitsfort\/","title":{"rendered":"March\u00e9 de No\u00ebl 2018 de Watermael Boitsfort"},"content":{"rendered":"<p style=\"text-align: center;\">Je participe au grand march\u00e9 de No\u00ebl de Watermael-Boitsfort du 29 novembre au 2 d\u00e9cembre 2018<\/p>\n<p style=\"text-align: center;\"><!--more--><\/p>\n<p style=\"text-align: center;\">L&rsquo;entr\u00e9e est gratuite<\/p>\n<p style=\"text-align: center;\"><strong>Horaire :<\/strong><\/p>\n<p style=\"text-align: center;\">Jeudi 29 novembre de\u00a0 18h \u00e0 22h<\/p>\n<p style=\"text-align: center;\">Vendredi 30 d\u00e9cembre de 13h \u00e0 22h<\/p>\n<p style=\"text-align: center;\">Samedi 1 d\u00e9cembre de 11h \u00e0 22h<\/p>\n<p style=\"text-align: center;\">Dimanche 2 d\u00e9cembre de 10h30 \u00e0 19h<\/p>\n","protected":false},"excerpt":{"rendered":"<p>Je participe au grand march\u00e9 de No\u00ebl de Watermael-Boitsfort du 29 novembre au 2 d\u00e9cembre 2018<\/p>\n","protected":false},"author":3,"featured_media":14528,"comment_status":"closed","ping_status":"closed","sticky":false,"template":"","format":"standard","meta":[],"categories":[87,4],"tags":[],"acf":[],"_links":{"self":[{"href":"http:\/\/www.perledechapeau.be\/index.php\/wp-json\/wp\/v2\/posts\/14529"}],"collection":[{"href":"http:\/\/www.perledechapeau.be\/index.php\/wp-json\/wp\/v2\/posts"}],"about":[{"href":"http:\/\/www.perledechapeau.be\/index.php\/wp-json\/wp\/v2\/types\/post"}],"author":[{"embeddable":true,"href":"http:\/\/www.perledechapeau.be\/index.php\/wp-json\/wp\/v2\/users\/3"}],"replies":[{"embeddable":true,"href":"http:\/\/www.perledechapeau.be\/index.php\/wp-json\/wp\/v2\/comments?post=14529"}],"version-history":[{"count":1,"href":"http:\/\/www.perledechapeau.be\/index.php\/wp-json\/wp\/v2\/posts\/14529\/revisions"}],"predecessor-version":[{"id":14530,"href":"http:\/\/www.perledechapeau.be\/index.php\/wp-json\/wp\/v2\/posts\/14529\/revisions\/14530"}],"wp:featuredmedia":[{"embeddable":true,"href":"http:\/\/www.perledechapeau.be\/index.php\/wp-json\/wp\/v2\/media\/14528"}],"wp:attachment":[{"href":"http:\/\/www.perledechapeau.be\/index.php\/wp-json\/wp\/v2\/media?parent=14529"}],"wp:term":[{"taxonomy":"category","embeddable":true,"href":"http:\/\/www.perledechapeau.be\/index.php\/wp-json\/wp\/v2\/categories?post=14529"},{"taxonomy":"post_tag","embeddable":true,"href":"http:\/\/www.perledechapeau.be\/index.php\/wp-json\/wp\/v2\/tags?post=14529"}],"curies":[{"name":"wp","href":"https:\/\/api.w.org\/{rel}","templated":true}]}}