{"id":14522,"date":"2018-12-05T21:04:58","date_gmt":"2018-12-05T20:04:58","guid":{"rendered":"http:\/\/www.perledechapeau.be\/?p=14522"},"modified":"2018-12-07T20:37:18","modified_gmt":"2018-12-07T19:37:18","slug":"feerie-des-artisans-au-chateau-de-harze","status":"publish","type":"post","link":"http:\/\/www.perledechapeau.be\/index.php\/2018\/12\/05\/feerie-des-artisans-au-chateau-de-harze\/","title":{"rendered":"F\u00e9\u00e9rie des artisans au ch\u00e2teau de Harz\u00e9 2018"},"content":{"rendered":"<p style=\"text-align: center;\">Bienvenue au ch\u00e2teau de Harz\u00e9e o\u00f9 je participe \u00e0 la f\u00e9\u00e9rie des artisans !<\/p>\n<p style=\"text-align: center;\">J&rsquo;y serai du 23 au 25 Novembre 2018<\/p>\n<p style=\"text-align: center;\"><strong>Horaire :<\/strong><\/p>\n<p style=\"text-align: center;\">Vendredi 23 novembre de 17h \u00e0 21h,\u00a0 Samedi 24 novembre de 11h \u00e0 20h, Dimanche 25 novembre de 11h \u00e0 18h<\/p>\n","protected":false},"excerpt":{"rendered":"<p>Bienvenue au ch\u00e2teau de Harz\u00e9e o\u00f9 je participe \u00e0 la f\u00e9\u00e9rie des artisans ! J&rsquo;y serai du 23 au 25 Novembre 2018 Horaire : Vendredi 23 novembre de 17h \u00e0<\/p>\n","protected":false},"author":3,"featured_media":14525,"comment_status":"closed","ping_status":"closed","sticky":false,"template":"","format":"standard","meta":[],"categories":[87,4],"tags":[],"acf":[],"_links":{"self":[{"href":"http:\/\/www.perledechapeau.be\/index.php\/wp-json\/wp\/v2\/posts\/14522"}],"collection":[{"href":"http:\/\/www.perledechapeau.be\/index.php\/wp-json\/wp\/v2\/posts"}],"about":[{"href":"http:\/\/www.perledechapeau.be\/index.php\/wp-json\/wp\/v2\/types\/post"}],"author":[{"embeddable":true,"href":"http:\/\/www.perledechapeau.be\/index.php\/wp-json\/wp\/v2\/users\/3"}],"replies":[{"embeddable":true,"href":"http:\/\/www.perledechapeau.be\/index.php\/wp-json\/wp\/v2\/comments?post=14522"}],"version-history":[{"count":3,"href":"http:\/\/www.perledechapeau.be\/index.php\/wp-json\/wp\/v2\/posts\/14522\/revisions"}],"predecessor-version":[{"id":14539,"href":"http:\/\/www.perledechapeau.be\/index.php\/wp-json\/wp\/v2\/posts\/14522\/revisions\/14539"}],"wp:featuredmedia":[{"embeddable":true,"href":"http:\/\/www.perledechapeau.be\/index.php\/wp-json\/wp\/v2\/media\/14525"}],"wp:attachment":[{"href":"http:\/\/www.perledechapeau.be\/index.php\/wp-json\/wp\/v2\/media?parent=14522"}],"wp:term":[{"taxonomy":"category","embeddable":true,"href":"http:\/\/www.perledechapeau.be\/index.php\/wp-json\/wp\/v2\/categories?post=14522"},{"taxonomy":"post_tag","embeddable":true,"href":"http:\/\/www.perledechapeau.be\/index.php\/wp-json\/wp\/v2\/tags?post=14522"}],"curies":[{"name":"wp","href":"https:\/\/api.w.org\/{rel}","templated":true}]}}