{"id":14509,"date":"2018-09-24T12:09:20","date_gmt":"2018-09-24T11:09:20","guid":{"rendered":"http:\/\/www.perledechapeau.be\/?p=14509"},"modified":"2018-12-07T20:37:54","modified_gmt":"2018-12-07T19:37:54","slug":"les-artistes-ansois","status":"publish","type":"post","link":"http:\/\/www.perledechapeau.be\/index.php\/2018\/09\/24\/les-artistes-ansois\/","title":{"rendered":"Les artistes Ansois"},"content":{"rendered":"<p>Les artistes Ansois ouvrent leurs portent les 6 et 7 octobre de 14h \u00e0 18h.<\/p>\n<p>Je vous attends donc chez moi durant deux apr\u00e8s-midi.<\/p>\n<p>N&rsquo;h\u00e9sitez pas \u00e0 venir d\u00e9couvrir mon atelier, j&rsquo;y ferai des d\u00e9monstrations de feutrage.<\/p>\n<p>http:\/\/www.ans-commune.be\/loisirs\/culture\/actualites\/les-15-16-octobre-les-artistes-ansois-vous-ouvrent-leurs-portes..<\/p>\n","protected":false},"excerpt":{"rendered":"<p>Les artistes Ansois ouvrent leurs portent les 6 et 7 octobre de 14h \u00e0 18h. Je vous attends donc chez moi durant deux apr\u00e8s-midi. N&rsquo;h\u00e9sitez pas \u00e0 venir d\u00e9couvrir mon<\/p>\n","protected":false},"author":3,"featured_media":14496,"comment_status":"closed","ping_status":"closed","sticky":false,"template":"","format":"standard","meta":[],"categories":[87,4],"tags":[],"acf":[],"_links":{"self":[{"href":"http:\/\/www.perledechapeau.be\/index.php\/wp-json\/wp\/v2\/posts\/14509"}],"collection":[{"href":"http:\/\/www.perledechapeau.be\/index.php\/wp-json\/wp\/v2\/posts"}],"about":[{"href":"http:\/\/www.perledechapeau.be\/index.php\/wp-json\/wp\/v2\/types\/post"}],"author":[{"embeddable":true,"href":"http:\/\/www.perledechapeau.be\/index.php\/wp-json\/wp\/v2\/users\/3"}],"replies":[{"embeddable":true,"href":"http:\/\/www.perledechapeau.be\/index.php\/wp-json\/wp\/v2\/comments?post=14509"}],"version-history":[{"count":1,"href":"http:\/\/www.perledechapeau.be\/index.php\/wp-json\/wp\/v2\/posts\/14509\/revisions"}],"predecessor-version":[{"id":14510,"href":"http:\/\/www.perledechapeau.be\/index.php\/wp-json\/wp\/v2\/posts\/14509\/revisions\/14510"}],"wp:featuredmedia":[{"embeddable":true,"href":"http:\/\/www.perledechapeau.be\/index.php\/wp-json\/wp\/v2\/media\/14496"}],"wp:attachment":[{"href":"http:\/\/www.perledechapeau.be\/index.php\/wp-json\/wp\/v2\/media?parent=14509"}],"wp:term":[{"taxonomy":"category","embeddable":true,"href":"http:\/\/www.perledechapeau.be\/index.php\/wp-json\/wp\/v2\/categories?post=14509"},{"taxonomy":"post_tag","embeddable":true,"href":"http:\/\/www.perledechapeau.be\/index.php\/wp-json\/wp\/v2\/tags?post=14509"}],"curies":[{"name":"wp","href":"https:\/\/api.w.org\/{rel}","templated":true}]}}