{"id":14503,"date":"2018-09-24T11:44:23","date_gmt":"2018-09-24T10:44:23","guid":{"rendered":"http:\/\/www.perledechapeau.be\/?p=14503"},"modified":"2018-12-05T21:48:18","modified_gmt":"2018-12-05T20:48:18","slug":"exposition-temporaire-feutre-roux-dardenne","status":"publish","type":"post","link":"http:\/\/www.perledechapeau.be\/index.php\/2018\/09\/24\/exposition-temporaire-feutre-roux-dardenne\/","title":{"rendered":"Exposition temporaire \u00a0\u00bb FEUTRE ROUX D&rsquo;ARDENNE\u00a0\u00bb"},"content":{"rendered":"<p><strong>Du 5 septembre au 30 octobre <\/strong>: Je vous invite \u00e0 venir d\u00e9couvrir le \u00ab\u00a0Feutre Roux d\u2019Ar\u00ad\u00ad\u00ad\u00ad\u00ad\u00addenne\u00a0\u00bb<\/p>\n<p>Une race de mouton oubli\u00e9e, une richesse arden\u00ad\u00ad\u00ad\u00ad\u00ad\u00ad\u00ad\u00ad\u00ad\u00ad\u00ad\u00adnai\u00ad\u00ad\u00ad\u00ad\u00ad\u00ad\u00ad\u00ad\u00ad\u00ad\u00ad\u00adse\u2026 un mouton, une laine, un feutre. ..<\/p>\n<p>En parte\u00ad\u00ad\u00ad\u00ad\u00ad\u00ad\u00ad\u00ad\u00ad\u00ad\u00ad\u00adna\u00ad\u00ad\u00ad\u00ad\u00ad\u00ad\u00ad\u00ad\u00ad\u00ad\u00ad\u00adriat avec la fili\u00e8re Laine de Belgique et l\u2019Ate\u00ad\u00ad\u00ad\u00ad\u00ad\u00ad\u00ad\u00ad\u00ad\u00ad\u00adlier Laines d\u2019Eu\u00ad\u00ad\u00ad\u00ad\u00ad\u00ad\u00ad\u00ad\u00ad\u00ad\u00adrope.<\/p>\n<p>53 cr\u00e9a\u00adteurs ont r\u00e9pondu \u00e0 l\u2019ap\u00adpel \u00e0 cr\u00e9a\u00adtion lanc\u00e9 par le Mus\u00e9e du feutre (dont 18 \u00e9tran\u00adgers, essen\u00adtiel\u00adle\u00adment belges),<\/p>\n<p>pour autant de pi\u00e8ces \u00e0 expo\u00adser.<\/p>\n<p>J&rsquo;ai r\u00e9alis\u00e9 pour cette exposition, un grand chapeau sur le th\u00e8me du cactus ainsi qu&rsquo;un gilet port\u00e9 avec son chapeau.<\/p>\n<p>J&rsquo;ai incorpor\u00e9 dans la laine une \u00e9toffe de coton.<\/p>\n<p>http:\/\/www.mouzon.fr\/calendrier\/evenement\/exposition-temporaire-feutre-roux-d-ardenne.html<\/p>\n","protected":false},"excerpt":{"rendered":"<p>Du 5 septembre au 30 octobre : Je vous invite \u00e0 venir d\u00e9couvrir le \u00ab\u00a0Feutre Roux d\u2019Ar\u00ad\u00ad\u00ad\u00ad\u00ad\u00addenne\u00a0\u00bb Une race de mouton oubli\u00e9e, une richesse arden\u00ad\u00ad\u00ad\u00ad\u00ad\u00ad\u00ad\u00ad\u00ad\u00ad\u00ad\u00adnai\u00ad\u00ad\u00ad\u00ad\u00ad\u00ad\u00ad\u00ad\u00ad\u00ad\u00ad\u00adse\u2026 un mouton, une laine, un<\/p>\n","protected":false},"author":3,"featured_media":14497,"comment_status":"closed","ping_status":"closed","sticky":false,"template":"","format":"standard","meta":[],"categories":[93,87,4],"tags":[],"acf":[],"_links":{"self":[{"href":"http:\/\/www.perledechapeau.be\/index.php\/wp-json\/wp\/v2\/posts\/14503"}],"collection":[{"href":"http:\/\/www.perledechapeau.be\/index.php\/wp-json\/wp\/v2\/posts"}],"about":[{"href":"http:\/\/www.perledechapeau.be\/index.php\/wp-json\/wp\/v2\/types\/post"}],"author":[{"embeddable":true,"href":"http:\/\/www.perledechapeau.be\/index.php\/wp-json\/wp\/v2\/users\/3"}],"replies":[{"embeddable":true,"href":"http:\/\/www.perledechapeau.be\/index.php\/wp-json\/wp\/v2\/comments?post=14503"}],"version-history":[{"count":2,"href":"http:\/\/www.perledechapeau.be\/index.php\/wp-json\/wp\/v2\/posts\/14503\/revisions"}],"predecessor-version":[{"id":14508,"href":"http:\/\/www.perledechapeau.be\/index.php\/wp-json\/wp\/v2\/posts\/14503\/revisions\/14508"}],"wp:featuredmedia":[{"embeddable":true,"href":"http:\/\/www.perledechapeau.be\/index.php\/wp-json\/wp\/v2\/media\/14497"}],"wp:attachment":[{"href":"http:\/\/www.perledechapeau.be\/index.php\/wp-json\/wp\/v2\/media?parent=14503"}],"wp:term":[{"taxonomy":"category","embeddable":true,"href":"http:\/\/www.perledechapeau.be\/index.php\/wp-json\/wp\/v2\/categories?post=14503"},{"taxonomy":"post_tag","embeddable":true,"href":"http:\/\/www.perledechapeau.be\/index.php\/wp-json\/wp\/v2\/tags?post=14503"}],"curies":[{"name":"wp","href":"https:\/\/api.w.org\/{rel}","templated":true}]}}