{"id":14477,"date":"2018-05-26T08:38:25","date_gmt":"2018-05-26T07:38:25","guid":{"rendered":"http:\/\/www.perledechapeau.be\/?p=14477"},"modified":"2018-12-07T20:54:48","modified_gmt":"2018-12-07T19:54:48","slug":"concours-chapeau-chazelles-sur-lyon","status":"publish","type":"post","link":"http:\/\/www.perledechapeau.be\/index.php\/2018\/05\/26\/concours-chapeau-chazelles-sur-lyon\/","title":{"rendered":"Concours chapeau Chazelles sur Lyon"},"content":{"rendered":"<p style=\"text-align: center;\">Mon chapeau feutr\u00e9 \u00ab\u00a0le cactus en fleur\u00a0\u00bb a \u00e9t\u00e9 prim\u00e9 aux \u00ab\u00a0rencontres internationales des arts du chapeau\u00a0\u00bb \u00e0 Chazelles sur Lyon en France. J&rsquo;ai re\u00e7u le prix \u00ab\u00a0Coup de coeur\u00a0\u00bb. Je suis ravie et tr\u00e8s heureuse.<\/p>\n<p style=\"text-align: center;\"><span style=\"background-color: #ffffff;\">Voici le chapeau que j&rsquo;ai pr\u00e9sent\u00e9&#8230;<\/span><\/p>\n<p style=\"text-align: center;\"><img loading=\"lazy\" class=\"alignnone wp-image-14482\" src=\"http:\/\/www.perledechapeau.be\/wp-content\/uploads\/2018\/05\/20180225_101924-e1527320247718-1024x821.jpg\" alt=\"20180225_101924\" width=\"465\" height=\"373\" srcset=\"http:\/\/www.perledechapeau.be\/wp-content\/uploads\/2018\/05\/20180225_101924-e1527320247718-1024x821.jpg 1024w, http:\/\/www.perledechapeau.be\/wp-content\/uploads\/2018\/05\/20180225_101924-e1527320247718-590x473.jpg 590w, http:\/\/www.perledechapeau.be\/wp-content\/uploads\/2018\/05\/20180225_101924-e1527320247718-300x240.jpg 300w, http:\/\/www.perledechapeau.be\/wp-content\/uploads\/2018\/05\/20180225_101924-e1527320247718-768x615.jpg 768w\" sizes=\"(max-width: 465px) 100vw, 465px\" \/><\/p>\n<p style=\"text-align: center;\"><img loading=\"lazy\" class=\"alignnone wp-image-14483\" src=\"http:\/\/www.perledechapeau.be\/wp-content\/uploads\/2018\/05\/20180225_101828-e1527320199155-947x1024.jpg\" alt=\"20180225_101828\" width=\"472\" height=\"510\" srcset=\"http:\/\/www.perledechapeau.be\/wp-content\/uploads\/2018\/05\/20180225_101828-e1527320199155-947x1024.jpg 947w, http:\/\/www.perledechapeau.be\/wp-content\/uploads\/2018\/05\/20180225_101828-e1527320199155-590x638.jpg 590w, http:\/\/www.perledechapeau.be\/wp-content\/uploads\/2018\/05\/20180225_101828-e1527320199155-278x300.jpg 278w, http:\/\/www.perledechapeau.be\/wp-content\/uploads\/2018\/05\/20180225_101828-e1527320199155-768x830.jpg 768w\" sizes=\"(max-width: 472px) 100vw, 472px\" \/><\/p>\n<p style=\"text-align: center;\">Et voici le lien pour plus d&rsquo;informations.<\/p>\n<p style=\"text-align: center;\"><strong><a href=\"http:\/\/www.museeduchapeau.com\/concours-2018.html\">Concours Chazelles sur Lyon<\/a><\/strong><\/p>\n<p style=\"text-align: center;\">Si le coeur vous en dit, n&rsquo;h\u00e9sitez pas \u00e0 visiter ce magnifique mus\u00e9e du chapeau situ\u00e9 pr\u00e8s de Lyon !<\/p>\n","protected":false},"excerpt":{"rendered":"<p>Mon chapeau feutr\u00e9 \u00ab\u00a0le cactus en fleur\u00a0\u00bb a \u00e9t\u00e9 prim\u00e9 aux \u00ab\u00a0rencontres internationales des arts du chapeau\u00a0\u00bb \u00e0 Chazelles sur Lyon en France. J&rsquo;ai re\u00e7u le prix \u00ab\u00a0Coup de coeur\u00a0\u00bb.<\/p>\n","protected":false},"author":3,"featured_media":14483,"comment_status":"closed","ping_status":"closed","sticky":false,"template":"","format":"standard","meta":[],"categories":[93,4],"tags":[],"acf":[],"_links":{"self":[{"href":"http:\/\/www.perledechapeau.be\/index.php\/wp-json\/wp\/v2\/posts\/14477"}],"collection":[{"href":"http:\/\/www.perledechapeau.be\/index.php\/wp-json\/wp\/v2\/posts"}],"about":[{"href":"http:\/\/www.perledechapeau.be\/index.php\/wp-json\/wp\/v2\/types\/post"}],"author":[{"embeddable":true,"href":"http:\/\/www.perledechapeau.be\/index.php\/wp-json\/wp\/v2\/users\/3"}],"replies":[{"embeddable":true,"href":"http:\/\/www.perledechapeau.be\/index.php\/wp-json\/wp\/v2\/comments?post=14477"}],"version-history":[{"count":10,"href":"http:\/\/www.perledechapeau.be\/index.php\/wp-json\/wp\/v2\/posts\/14477\/revisions"}],"predecessor-version":[{"id":14489,"href":"http:\/\/www.perledechapeau.be\/index.php\/wp-json\/wp\/v2\/posts\/14477\/revisions\/14489"}],"wp:featuredmedia":[{"embeddable":true,"href":"http:\/\/www.perledechapeau.be\/index.php\/wp-json\/wp\/v2\/media\/14483"}],"wp:attachment":[{"href":"http:\/\/www.perledechapeau.be\/index.php\/wp-json\/wp\/v2\/media?parent=14477"}],"wp:term":[{"taxonomy":"category","embeddable":true,"href":"http:\/\/www.perledechapeau.be\/index.php\/wp-json\/wp\/v2\/categories?post=14477"},{"taxonomy":"post_tag","embeddable":true,"href":"http:\/\/www.perledechapeau.be\/index.php\/wp-json\/wp\/v2\/tags?post=14477"}],"curies":[{"name":"wp","href":"https:\/\/api.w.org\/{rel}","templated":true}]}}