{"id":14455,"date":"2018-01-08T21:04:17","date_gmt":"2018-01-08T20:04:17","guid":{"rendered":"http:\/\/www.perledechapeau.be\/?p=14455"},"modified":"2018-12-07T20:52:51","modified_gmt":"2018-12-07T19:52:51","slug":"concours-coup-de-chapeau-de-binche","status":"publish","type":"post","link":"http:\/\/www.perledechapeau.be\/index.php\/2018\/01\/08\/concours-coup-de-chapeau-de-binche\/","title":{"rendered":"Concours \u00ab\u00a0Coup de Chapeau\u00a0\u00bb de Binche (Janvier 2018)"},"content":{"rendered":"<p style=\"text-align: center;\">Je participe cette 2i\u00e8me semaine de janvier au concours <strong>\u00ab\u00a0Coup de chapeau\u00a0\u00bb<\/strong> organis\u00e9 par le \u00ab\u00a0Lions Club\u00a0\u00bb et le syndicat d&rsquo;initiative de Binche.<\/p>\n<p style=\"text-align: center;\"><!--more--><\/p>\n<p style=\"text-align: center;\">Les chapeaux seront expos\u00e9s du lundi au samedi de 10h \u00e0 18h et le dimanche de 14h \u00e0 18h \u00e0 la Maison des Associations, Grand Place, 5 \u00e0 7130 Binche<\/p>\n<p style=\"text-align: center;\">Un d\u00e9fil\u00e9 aura lieu le <strong>jeudi 11 Janvier \u00e0 20h<\/strong> \u00e0 Kursaal, Avenue Wanderpepen, 28\u00a0 \u00e0 7130 Binche<\/p>\n<p style=\"text-align: center;\"><span style=\"background-color: #ffffff;\">Voici le chapeau que je pr\u00e9sente, inspir\u00e9 du carnaval de Binche&#8230;<\/span><\/p>\n<p style=\"text-align: center;\"><img loading=\"lazy\" class=\"alignnone wp-image-14460\" src=\"http:\/\/www.perledechapeau.be\/wp-content\/uploads\/2018\/01\/chapeau-carnaval-Binche-2-768x1024.jpg\" alt=\"chapeau carnaval Binche 2\" width=\"352\" height=\"478\" \/><\/p>\n<p style=\"text-align: center;\">Voici aussi les infos pratiques\u00a0 &#8230;<\/p>\n<p style=\"text-align: center;\"><img loading=\"lazy\" class=\"alignnone wp-image-14461\" src=\"http:\/\/www.perledechapeau.be\/wp-content\/uploads\/2018\/01\/affiche-chapeau-Binche.jpg\" alt=\"affiche chapeau Binche\" width=\"355\" height=\"637\" \/><\/p>\n","protected":false},"excerpt":{"rendered":"<p>Je participe cette 2i\u00e8me semaine de janvier au concours \u00ab\u00a0Coup de chapeau\u00a0\u00bb organis\u00e9 par le \u00ab\u00a0Lions Club\u00a0\u00bb et le syndicat d&rsquo;initiative de Binche.<\/p>\n","protected":false},"author":3,"featured_media":14459,"comment_status":"closed","ping_status":"closed","sticky":false,"template":"","format":"standard","meta":[],"categories":[93,4],"tags":[],"acf":[],"_links":{"self":[{"href":"http:\/\/www.perledechapeau.be\/index.php\/wp-json\/wp\/v2\/posts\/14455"}],"collection":[{"href":"http:\/\/www.perledechapeau.be\/index.php\/wp-json\/wp\/v2\/posts"}],"about":[{"href":"http:\/\/www.perledechapeau.be\/index.php\/wp-json\/wp\/v2\/types\/post"}],"author":[{"embeddable":true,"href":"http:\/\/www.perledechapeau.be\/index.php\/wp-json\/wp\/v2\/users\/3"}],"replies":[{"embeddable":true,"href":"http:\/\/www.perledechapeau.be\/index.php\/wp-json\/wp\/v2\/comments?post=14455"}],"version-history":[{"count":6,"href":"http:\/\/www.perledechapeau.be\/index.php\/wp-json\/wp\/v2\/posts\/14455\/revisions"}],"predecessor-version":[{"id":14465,"href":"http:\/\/www.perledechapeau.be\/index.php\/wp-json\/wp\/v2\/posts\/14455\/revisions\/14465"}],"wp:featuredmedia":[{"embeddable":true,"href":"http:\/\/www.perledechapeau.be\/index.php\/wp-json\/wp\/v2\/media\/14459"}],"wp:attachment":[{"href":"http:\/\/www.perledechapeau.be\/index.php\/wp-json\/wp\/v2\/media?parent=14455"}],"wp:term":[{"taxonomy":"category","embeddable":true,"href":"http:\/\/www.perledechapeau.be\/index.php\/wp-json\/wp\/v2\/categories?post=14455"},{"taxonomy":"post_tag","embeddable":true,"href":"http:\/\/www.perledechapeau.be\/index.php\/wp-json\/wp\/v2\/tags?post=14455"}],"curies":[{"name":"wp","href":"https:\/\/api.w.org\/{rel}","templated":true}]}}