{"id":14450,"date":"2017-12-10T21:34:54","date_gmt":"2017-12-10T20:34:54","guid":{"rendered":"http:\/\/www.perledechapeau.be\/?p=14450"},"modified":"2018-12-07T20:48:49","modified_gmt":"2018-12-07T19:48:49","slug":"marche-artisanal-de-noel-2017-de-la-spirale-a-natoye","status":"publish","type":"post","link":"http:\/\/www.perledechapeau.be\/index.php\/2017\/12\/10\/marche-artisanal-de-noel-2017-de-la-spirale-a-natoye\/","title":{"rendered":"March\u00e9 artisanal de No\u00ebl 2017 de la Spirale \u00e0 Natoye"},"content":{"rendered":"<p style=\"text-align: center;\">Je participe au march\u00e9 artisanal de No\u00ebl de la Spirale \u00e0 Natoye ces samedi 9 et dimanche 10 d\u00e9cembre 2017 !<\/p>\n<p style=\"text-align: center;\">Je serais ravie de vous y accueillir pour d\u00e9couvrir mes nouvelles cr\u00e9ations&#8230;<\/p>\n<p style=\"text-align: center;\"><!--more--><\/p>\n<p style=\"text-align: center;\"><strong>Horaire :<\/strong><\/p>\n<p style=\"text-align: center;\">Samedi et Dimanche 9 et 10 d\u00e9cembre de 11h \u00e0 19h<\/p>\n<p>&nbsp;<\/p>\n","protected":false},"excerpt":{"rendered":"<p>Je participe au march\u00e9 artisanal de No\u00ebl de la Spirale \u00e0 Natoye ces samedi 9 et dimanche 10 d\u00e9cembre 2017 ! Je serais ravie de vous y accueillir pour d\u00e9couvrir<\/p>\n","protected":false},"author":3,"featured_media":14446,"comment_status":"closed","ping_status":"closed","sticky":false,"template":"","format":"standard","meta":[],"categories":[87],"tags":[],"acf":[],"_links":{"self":[{"href":"http:\/\/www.perledechapeau.be\/index.php\/wp-json\/wp\/v2\/posts\/14450"}],"collection":[{"href":"http:\/\/www.perledechapeau.be\/index.php\/wp-json\/wp\/v2\/posts"}],"about":[{"href":"http:\/\/www.perledechapeau.be\/index.php\/wp-json\/wp\/v2\/types\/post"}],"author":[{"embeddable":true,"href":"http:\/\/www.perledechapeau.be\/index.php\/wp-json\/wp\/v2\/users\/3"}],"replies":[{"embeddable":true,"href":"http:\/\/www.perledechapeau.be\/index.php\/wp-json\/wp\/v2\/comments?post=14450"}],"version-history":[{"count":2,"href":"http:\/\/www.perledechapeau.be\/index.php\/wp-json\/wp\/v2\/posts\/14450\/revisions"}],"predecessor-version":[{"id":14453,"href":"http:\/\/www.perledechapeau.be\/index.php\/wp-json\/wp\/v2\/posts\/14450\/revisions\/14453"}],"wp:featuredmedia":[{"embeddable":true,"href":"http:\/\/www.perledechapeau.be\/index.php\/wp-json\/wp\/v2\/media\/14446"}],"wp:attachment":[{"href":"http:\/\/www.perledechapeau.be\/index.php\/wp-json\/wp\/v2\/media?parent=14450"}],"wp:term":[{"taxonomy":"category","embeddable":true,"href":"http:\/\/www.perledechapeau.be\/index.php\/wp-json\/wp\/v2\/categories?post=14450"},{"taxonomy":"post_tag","embeddable":true,"href":"http:\/\/www.perledechapeau.be\/index.php\/wp-json\/wp\/v2\/tags?post=14450"}],"curies":[{"name":"wp","href":"https:\/\/api.w.org\/{rel}","templated":true}]}}