{"id":14448,"date":"2017-12-10T21:38:12","date_gmt":"2017-12-10T20:38:12","guid":{"rendered":"http:\/\/www.perledechapeau.be\/?p=14448"},"modified":"2018-12-07T20:48:15","modified_gmt":"2018-12-07T19:48:15","slug":"marche-de-noel-de-watermael-boitsfort-2017","status":"publish","type":"post","link":"http:\/\/www.perledechapeau.be\/index.php\/2017\/12\/10\/marche-de-noel-de-watermael-boitsfort-2017\/","title":{"rendered":"March\u00e9 de No\u00ebl de Watermael-Boitsfort 2017"},"content":{"rendered":"<p style=\"text-align: center;\">Je participe au grand march\u00e9 de No\u00ebl de Watermael-Boitsfort du 30 novembre au 3 d\u00e9cembre2017.<\/p>\n<p style=\"text-align: center;\"><!--more--><\/p>\n<p style=\"text-align: center;\">L&rsquo;entr\u00e9e est gratuite<\/p>\n<p style=\"text-align: center;\"><strong>Horaire :<\/strong><\/p>\n<p style=\"text-align: center;\">Jeudi 30 novembre de\u00a0 18h \u00e0 22h<\/p>\n<p style=\"text-align: center;\">Vendredi 1er d\u00e9cembre de 13h \u00e0 22h<\/p>\n<p style=\"text-align: center;\">Samedi 2 d\u00e9cembre de 11h \u00e0 22h<\/p>\n<p style=\"text-align: center;\">Dimanche 3 d\u00e9cembre de 10h30 \u00e0 19h30<\/p>\n","protected":false},"excerpt":{"rendered":"<p>Je participe au grand march\u00e9 de No\u00ebl de Watermael-Boitsfort du 30 novembre au 3 d\u00e9cembre2017.<\/p>\n","protected":false},"author":3,"featured_media":14447,"comment_status":"closed","ping_status":"closed","sticky":false,"template":"","format":"standard","meta":[],"categories":[87],"tags":[],"acf":[],"_links":{"self":[{"href":"http:\/\/www.perledechapeau.be\/index.php\/wp-json\/wp\/v2\/posts\/14448"}],"collection":[{"href":"http:\/\/www.perledechapeau.be\/index.php\/wp-json\/wp\/v2\/posts"}],"about":[{"href":"http:\/\/www.perledechapeau.be\/index.php\/wp-json\/wp\/v2\/types\/post"}],"author":[{"embeddable":true,"href":"http:\/\/www.perledechapeau.be\/index.php\/wp-json\/wp\/v2\/users\/3"}],"replies":[{"embeddable":true,"href":"http:\/\/www.perledechapeau.be\/index.php\/wp-json\/wp\/v2\/comments?post=14448"}],"version-history":[{"count":2,"href":"http:\/\/www.perledechapeau.be\/index.php\/wp-json\/wp\/v2\/posts\/14448\/revisions"}],"predecessor-version":[{"id":14454,"href":"http:\/\/www.perledechapeau.be\/index.php\/wp-json\/wp\/v2\/posts\/14448\/revisions\/14454"}],"wp:featuredmedia":[{"embeddable":true,"href":"http:\/\/www.perledechapeau.be\/index.php\/wp-json\/wp\/v2\/media\/14447"}],"wp:attachment":[{"href":"http:\/\/www.perledechapeau.be\/index.php\/wp-json\/wp\/v2\/media?parent=14448"}],"wp:term":[{"taxonomy":"category","embeddable":true,"href":"http:\/\/www.perledechapeau.be\/index.php\/wp-json\/wp\/v2\/categories?post=14448"},{"taxonomy":"post_tag","embeddable":true,"href":"http:\/\/www.perledechapeau.be\/index.php\/wp-json\/wp\/v2\/tags?post=14448"}],"curies":[{"name":"wp","href":"https:\/\/api.w.org\/{rel}","templated":true}]}}