{"id":14439,"date":"2017-12-10T21:40:51","date_gmt":"2017-12-10T20:40:51","guid":{"rendered":"http:\/\/www.perledechapeau.be\/?p=14439"},"modified":"2018-12-07T20:47:47","modified_gmt":"2018-12-07T19:47:47","slug":"marche-de-noel-des-grottes-de-wonck","status":"publish","type":"post","link":"http:\/\/www.perledechapeau.be\/index.php\/2017\/12\/10\/marche-de-noel-des-grottes-de-wonck\/","title":{"rendered":"March\u00e9 de No\u00ebl des grottes de Wonck 2017"},"content":{"rendered":"<p style=\"text-align: center;\">Je vous attends dans le merveilleux cadre des grottes de Wonck pour le march\u00e9 artisanal de No\u00ebl qui aura lieu les 15, 16 et 17 d\u00e9cembre 2017 !<\/p>\n<p style=\"text-align: center;\"><!--more--><\/p>\n<p style=\"text-align: center;\"><strong>Horaire :<\/strong><\/p>\n<p style=\"text-align: center;\">Vendredi 15 d\u00e9cembre de 19h30 \u00e0 23h<\/p>\n<p style=\"text-align: center;\">Samedi 16 d\u00e9cembre de 10h \u00e0 23h<\/p>\n<p style=\"text-align: center;\">Dimanche 17 d\u00e9cembre de 10h \u00e0 20h<\/p>\n<p style=\"text-align: center;\">Navette de bus gratuite<\/p>\n<p style=\"text-align: center;\">d\u00e9part Rue de la R\u00e9sistance, 46<\/p>\n","protected":false},"excerpt":{"rendered":"<p>Je vous attends dans le merveilleux cadre des grottes de Wonck pour le march\u00e9 artisanal de No\u00ebl qui aura lieu les 15, 16 et 17 d\u00e9cembre 2017 !<\/p>\n","protected":false},"author":3,"featured_media":14441,"comment_status":"closed","ping_status":"closed","sticky":false,"template":"","format":"standard","meta":[],"categories":[87],"tags":[],"acf":[],"_links":{"self":[{"href":"http:\/\/www.perledechapeau.be\/index.php\/wp-json\/wp\/v2\/posts\/14439"}],"collection":[{"href":"http:\/\/www.perledechapeau.be\/index.php\/wp-json\/wp\/v2\/posts"}],"about":[{"href":"http:\/\/www.perledechapeau.be\/index.php\/wp-json\/wp\/v2\/types\/post"}],"author":[{"embeddable":true,"href":"http:\/\/www.perledechapeau.be\/index.php\/wp-json\/wp\/v2\/users\/3"}],"replies":[{"embeddable":true,"href":"http:\/\/www.perledechapeau.be\/index.php\/wp-json\/wp\/v2\/comments?post=14439"}],"version-history":[{"count":6,"href":"http:\/\/www.perledechapeau.be\/index.php\/wp-json\/wp\/v2\/posts\/14439\/revisions"}],"predecessor-version":[{"id":14452,"href":"http:\/\/www.perledechapeau.be\/index.php\/wp-json\/wp\/v2\/posts\/14439\/revisions\/14452"}],"wp:featuredmedia":[{"embeddable":true,"href":"http:\/\/www.perledechapeau.be\/index.php\/wp-json\/wp\/v2\/media\/14441"}],"wp:attachment":[{"href":"http:\/\/www.perledechapeau.be\/index.php\/wp-json\/wp\/v2\/media?parent=14439"}],"wp:term":[{"taxonomy":"category","embeddable":true,"href":"http:\/\/www.perledechapeau.be\/index.php\/wp-json\/wp\/v2\/categories?post=14439"},{"taxonomy":"post_tag","embeddable":true,"href":"http:\/\/www.perledechapeau.be\/index.php\/wp-json\/wp\/v2\/tags?post=14439"}],"curies":[{"name":"wp","href":"https:\/\/api.w.org\/{rel}","templated":true}]}}