{"id":14335,"date":"2017-10-08T10:18:36","date_gmt":"2017-10-08T09:18:36","guid":{"rendered":"http:\/\/www.perledechapeau.be\/?p=14335"},"modified":"2018-12-07T20:50:01","modified_gmt":"2018-12-07T19:50:01","slug":"bienvenue-wallonie-2017","status":"publish","type":"post","link":"http:\/\/www.perledechapeau.be\/index.php\/2017\/10\/08\/bienvenue-wallonie-2017\/","title":{"rendered":"Bienvenue Wallonie 2017"},"content":{"rendered":"<p style=\"text-align: center;\">Dans le cadre de \u00ab\u00a0Wallonie Bienvenue\u00a0\u00bb, de nombreux artistes wallons vous ouvrent leurs portes<br \/>\nles <strong>samedi 11 et dimanche 12 novembre 2017 de 10H \u00e0 17H<\/strong>.<!--more--><\/p>\n<p style=\"text-align: center;\">C\u2019est dans mon atelier \u00e0 Alleur que vous pourrez venir me rencontrer\u2026<br \/>\net y d\u00e9couvrir mes derni\u00e8res cr\u00e9ations.<\/p>\n<p style=\"text-align: center;\">Je vous y attendrai personnellement<br \/>\n<strong>ce week-end au<\/strong>\u00a0<strong>16 all\u00e9e des fauvettes \u00e0 4432 Alleur<\/strong><\/p>\n<p style=\"text-align: center;\">Si vous ne trouvez pas, un petit coup de\u00a0<strong>GSM\u00a0: 0474\/49 69 83<\/strong><\/p>\n<p style=\"text-align: center;\">N\u2019h\u00e9sitez pas \u00e0 franchir la porte !<\/p>\n<p style=\"text-align: center;\">Isabelle Mathieu<\/p>\n<p style=\"text-align: center;\">Pour plus d&rsquo;infos &#8230;.<\/p>\n<p style=\"text-align: center;\"><a href=\"https:\/\/www.walloniebienvenue.be\/ambassadeur.php?id_mem=14219\" target=\"_blank\">Wallonie bienvenue-Perle de chapeau<\/a><\/p>\n","protected":false},"excerpt":{"rendered":"<p>Dans le cadre de \u00ab\u00a0Wallonie Bienvenue\u00a0\u00bb, de nombreux artistes wallons vous ouvrent leurs portes les samedi 11 et dimanche 12 novembre 2017 de 10H \u00e0 17H.<\/p>\n","protected":false},"author":3,"featured_media":14339,"comment_status":"open","ping_status":"open","sticky":false,"template":"","format":"standard","meta":[],"categories":[87],"tags":[],"acf":[],"_links":{"self":[{"href":"http:\/\/www.perledechapeau.be\/index.php\/wp-json\/wp\/v2\/posts\/14335"}],"collection":[{"href":"http:\/\/www.perledechapeau.be\/index.php\/wp-json\/wp\/v2\/posts"}],"about":[{"href":"http:\/\/www.perledechapeau.be\/index.php\/wp-json\/wp\/v2\/types\/post"}],"author":[{"embeddable":true,"href":"http:\/\/www.perledechapeau.be\/index.php\/wp-json\/wp\/v2\/users\/3"}],"replies":[{"embeddable":true,"href":"http:\/\/www.perledechapeau.be\/index.php\/wp-json\/wp\/v2\/comments?post=14335"}],"version-history":[{"count":3,"href":"http:\/\/www.perledechapeau.be\/index.php\/wp-json\/wp\/v2\/posts\/14335\/revisions"}],"predecessor-version":[{"id":14338,"href":"http:\/\/www.perledechapeau.be\/index.php\/wp-json\/wp\/v2\/posts\/14335\/revisions\/14338"}],"wp:featuredmedia":[{"embeddable":true,"href":"http:\/\/www.perledechapeau.be\/index.php\/wp-json\/wp\/v2\/media\/14339"}],"wp:attachment":[{"href":"http:\/\/www.perledechapeau.be\/index.php\/wp-json\/wp\/v2\/media?parent=14335"}],"wp:term":[{"taxonomy":"category","embeddable":true,"href":"http:\/\/www.perledechapeau.be\/index.php\/wp-json\/wp\/v2\/categories?post=14335"},{"taxonomy":"post_tag","embeddable":true,"href":"http:\/\/www.perledechapeau.be\/index.php\/wp-json\/wp\/v2\/tags?post=14335"}],"curies":[{"name":"wp","href":"https:\/\/api.w.org\/{rel}","templated":true}]}}