{"id":14276,"date":"2016-11-13T19:18:18","date_gmt":"2016-11-13T18:18:18","guid":{"rendered":"http:\/\/www.perledechapeau.be\/?p=14276"},"modified":"2017-10-08T09:52:05","modified_gmt":"2017-10-08T08:52:05","slug":"marche-de-noel-de-libramont-2016","status":"publish","type":"post","link":"http:\/\/www.perledechapeau.be\/index.php\/2016\/11\/13\/marche-de-noel-de-libramont-2016\/","title":{"rendered":"March\u00e9 de No\u00ebl de Libramont 2016"},"content":{"rendered":"<p style=\"text-align: center;\">Je vous attends au march\u00e9 de No\u00ebl de<strong> Libramont<\/strong> qui aura lieu du 16 au 18 d\u00e9cembre 2016!<\/p>\n<p style=\"text-align: center;\"><!--more--><\/p>\n<p style=\"text-align: center;\">L&rsquo;entr\u00e9e est gratuite<\/p>\n<p style=\"text-align: center;\"><strong>Horaire :<\/strong><\/p>\n<p style=\"text-align: center;\">Vendredi 16 d\u00e9cembre de 18h \u00e0 23h<\/p>\n<p style=\"text-align: center;\">Samedi 17 d\u00e9cembre de 14h \u00e0 22h<\/p>\n<p style=\"text-align: center;\">Dimanche 18 d\u00e9cembre de 11h \u00e0 18h<\/p>\n<p style=\"text-align: center;\">Pour plus d&rsquo;infos:<\/p>\n<p style=\"text-align: center;\"><a href=\"http:\/\/www.libramontchevigny.be\/ftlb\/events\/166239\">http:\/\/www.libramontchevigny.be\/ftlb\/events\/166239<\/a><\/p>\n<p style=\"text-align: center;\">\n","protected":false},"excerpt":{"rendered":"<p>Je vous attends au march\u00e9 de No\u00ebl de Libramont qui aura lieu du 16 au 18 d\u00e9cembre 2016!<\/p>\n","protected":false},"author":3,"featured_media":14272,"comment_status":"closed","ping_status":"closed","sticky":false,"template":"","format":"standard","meta":[],"categories":[87],"tags":[],"acf":[],"_links":{"self":[{"href":"http:\/\/www.perledechapeau.be\/index.php\/wp-json\/wp\/v2\/posts\/14276"}],"collection":[{"href":"http:\/\/www.perledechapeau.be\/index.php\/wp-json\/wp\/v2\/posts"}],"about":[{"href":"http:\/\/www.perledechapeau.be\/index.php\/wp-json\/wp\/v2\/types\/post"}],"author":[{"embeddable":true,"href":"http:\/\/www.perledechapeau.be\/index.php\/wp-json\/wp\/v2\/users\/3"}],"replies":[{"embeddable":true,"href":"http:\/\/www.perledechapeau.be\/index.php\/wp-json\/wp\/v2\/comments?post=14276"}],"version-history":[{"count":9,"href":"http:\/\/www.perledechapeau.be\/index.php\/wp-json\/wp\/v2\/posts\/14276\/revisions"}],"predecessor-version":[{"id":14324,"href":"http:\/\/www.perledechapeau.be\/index.php\/wp-json\/wp\/v2\/posts\/14276\/revisions\/14324"}],"wp:featuredmedia":[{"embeddable":true,"href":"http:\/\/www.perledechapeau.be\/index.php\/wp-json\/wp\/v2\/media\/14272"}],"wp:attachment":[{"href":"http:\/\/www.perledechapeau.be\/index.php\/wp-json\/wp\/v2\/media?parent=14276"}],"wp:term":[{"taxonomy":"category","embeddable":true,"href":"http:\/\/www.perledechapeau.be\/index.php\/wp-json\/wp\/v2\/categories?post=14276"},{"taxonomy":"post_tag","embeddable":true,"href":"http:\/\/www.perledechapeau.be\/index.php\/wp-json\/wp\/v2\/tags?post=14276"}],"curies":[{"name":"wp","href":"https:\/\/api.w.org\/{rel}","templated":true}]}}