{"id":14273,"date":"2016-11-13T19:09:39","date_gmt":"2016-11-13T18:09:39","guid":{"rendered":"http:\/\/www.perledechapeau.be\/?p=14273"},"modified":"2017-10-08T09:52:46","modified_gmt":"2017-10-08T08:52:46","slug":"marche-de-noel-de-haneffe-2016","status":"publish","type":"post","link":"http:\/\/www.perledechapeau.be\/index.php\/2016\/11\/13\/marche-de-noel-de-haneffe-2016\/","title":{"rendered":"March\u00e9 de No\u00ebl de Haneffe 2016"},"content":{"rendered":"<p style=\"text-align: center;\">Je vous attends au <strong>march\u00e9 de No\u00ebl de Haneffe<\/strong> qui aura lieu les 10 et 11 d\u00e9cembre 2016.<\/p>\n<p style=\"text-align: center;\"><!--more--><\/p>\n<p style=\"text-align: center;\">L&rsquo;entr\u00e9e est gratuite<\/p>\n<p style=\"text-align: center;\"><strong>Voici les horaires :<\/strong><\/p>\n<p style=\"text-align: center;\">Samedi 10 d\u00e9cembre de 15h \u00e0 22h<\/p>\n<p style=\"text-align: center;\">Dimanche 11 d\u00e9cembre de 11h \u00e0 19h<\/p>\n<p style=\"text-align: center;\">\n","protected":false},"excerpt":{"rendered":"<p>Je vous attends au march\u00e9 de No\u00ebl de Haneffe qui aura lieu les 10 et 11 d\u00e9cembre 2016.<\/p>\n","protected":false},"author":3,"featured_media":14259,"comment_status":"closed","ping_status":"closed","sticky":false,"template":"","format":"standard","meta":[],"categories":[87],"tags":[],"acf":[],"_links":{"self":[{"href":"http:\/\/www.perledechapeau.be\/index.php\/wp-json\/wp\/v2\/posts\/14273"}],"collection":[{"href":"http:\/\/www.perledechapeau.be\/index.php\/wp-json\/wp\/v2\/posts"}],"about":[{"href":"http:\/\/www.perledechapeau.be\/index.php\/wp-json\/wp\/v2\/types\/post"}],"author":[{"embeddable":true,"href":"http:\/\/www.perledechapeau.be\/index.php\/wp-json\/wp\/v2\/users\/3"}],"replies":[{"embeddable":true,"href":"http:\/\/www.perledechapeau.be\/index.php\/wp-json\/wp\/v2\/comments?post=14273"}],"version-history":[{"count":4,"href":"http:\/\/www.perledechapeau.be\/index.php\/wp-json\/wp\/v2\/posts\/14273\/revisions"}],"predecessor-version":[{"id":14325,"href":"http:\/\/www.perledechapeau.be\/index.php\/wp-json\/wp\/v2\/posts\/14273\/revisions\/14325"}],"wp:featuredmedia":[{"embeddable":true,"href":"http:\/\/www.perledechapeau.be\/index.php\/wp-json\/wp\/v2\/media\/14259"}],"wp:attachment":[{"href":"http:\/\/www.perledechapeau.be\/index.php\/wp-json\/wp\/v2\/media?parent=14273"}],"wp:term":[{"taxonomy":"category","embeddable":true,"href":"http:\/\/www.perledechapeau.be\/index.php\/wp-json\/wp\/v2\/categories?post=14273"},{"taxonomy":"post_tag","embeddable":true,"href":"http:\/\/www.perledechapeau.be\/index.php\/wp-json\/wp\/v2\/tags?post=14273"}],"curies":[{"name":"wp","href":"https:\/\/api.w.org\/{rel}","templated":true}]}}