{"id":14266,"date":"2016-11-13T18:35:05","date_gmt":"2016-11-13T17:35:05","guid":{"rendered":"http:\/\/www.perledechapeau.be\/?p=14266"},"modified":"2017-10-08T09:53:42","modified_gmt":"2017-10-08T08:53:42","slug":"marche-des-createurs-a-spa-2016","status":"publish","type":"post","link":"http:\/\/www.perledechapeau.be\/index.php\/2016\/11\/13\/marche-des-createurs-a-spa-2016\/","title":{"rendered":"March\u00e9 des cr\u00e9ateurs 2016 \u00e0 Spa"},"content":{"rendered":"<p style=\"text-align: center;\">Je participe au march\u00e9 des cr\u00e9ateurs qui se d\u00e9roulera au<\/p>\n<p style=\"text-align: center;\"><strong>Britannique, 8 rue de la Sauveni\u00e8re <\/strong><\/p>\n<p style=\"text-align: center;\"><strong>\u00e0 Spa<\/strong><\/p>\n<p style=\"text-align: center;\"><strong>le dimanche 4 d\u00e9cembre 2016 de 10h \u00e0 18h<\/strong><\/p>\n<p style=\"text-align: center;\">L&rsquo;entr\u00e9e est gratuite<\/p>\n<p style=\"text-align: center;\">Pour plus d&rsquo;infos:<\/p>\n<p style=\"text-align: center;\"><a href=\"http:\/\/www.lesgermaines.be\">http:\/\/www.lesgermaines.be<\/a><\/p>\n","protected":false},"excerpt":{"rendered":"<p>Je participe au march\u00e9 des cr\u00e9ateurs qui se d\u00e9roulera au Britannique, 8 rue de la Sauveni\u00e8re \u00e0 Spa le dimanche 4 d\u00e9cembre 2016 de 10h \u00e0 18h L&rsquo;entr\u00e9e est gratuite<\/p>\n","protected":false},"author":3,"featured_media":14257,"comment_status":"closed","ping_status":"closed","sticky":false,"template":"","format":"standard","meta":[],"categories":[87],"tags":[],"acf":[],"_links":{"self":[{"href":"http:\/\/www.perledechapeau.be\/index.php\/wp-json\/wp\/v2\/posts\/14266"}],"collection":[{"href":"http:\/\/www.perledechapeau.be\/index.php\/wp-json\/wp\/v2\/posts"}],"about":[{"href":"http:\/\/www.perledechapeau.be\/index.php\/wp-json\/wp\/v2\/types\/post"}],"author":[{"embeddable":true,"href":"http:\/\/www.perledechapeau.be\/index.php\/wp-json\/wp\/v2\/users\/3"}],"replies":[{"embeddable":true,"href":"http:\/\/www.perledechapeau.be\/index.php\/wp-json\/wp\/v2\/comments?post=14266"}],"version-history":[{"count":7,"href":"http:\/\/www.perledechapeau.be\/index.php\/wp-json\/wp\/v2\/posts\/14266\/revisions"}],"predecessor-version":[{"id":14326,"href":"http:\/\/www.perledechapeau.be\/index.php\/wp-json\/wp\/v2\/posts\/14266\/revisions\/14326"}],"wp:featuredmedia":[{"embeddable":true,"href":"http:\/\/www.perledechapeau.be\/index.php\/wp-json\/wp\/v2\/media\/14257"}],"wp:attachment":[{"href":"http:\/\/www.perledechapeau.be\/index.php\/wp-json\/wp\/v2\/media?parent=14266"}],"wp:term":[{"taxonomy":"category","embeddable":true,"href":"http:\/\/www.perledechapeau.be\/index.php\/wp-json\/wp\/v2\/categories?post=14266"},{"taxonomy":"post_tag","embeddable":true,"href":"http:\/\/www.perledechapeau.be\/index.php\/wp-json\/wp\/v2\/tags?post=14266"}],"curies":[{"name":"wp","href":"https:\/\/api.w.org\/{rel}","templated":true}]}}