{"id":14253,"date":"2016-11-13T17:53:10","date_gmt":"2016-11-13T16:53:10","guid":{"rendered":"http:\/\/www.perledechapeau.be\/?p=14253"},"modified":"2017-10-08T09:54:32","modified_gmt":"2017-10-08T08:54:32","slug":"marche-de-noel-de-watermael-boitsfort-2016","status":"publish","type":"post","link":"http:\/\/www.perledechapeau.be\/index.php\/2016\/11\/13\/marche-de-noel-de-watermael-boitsfort-2016\/","title":{"rendered":"March\u00e9 de No\u00ebl 2016 de Watermael Boitsfort"},"content":{"rendered":"<p style=\"text-align: center;\">Je vous attends au march\u00e9 de No\u00ebl de Watermael-Boitsfort qui aura lieu du 24 au 27 novembre 2016!<\/p>\n<p style=\"text-align: center;\">L&rsquo;entr\u00e9e est gratuite<\/p>\n<p style=\"text-align: center;\"><strong>Horaire :<\/strong><\/p>\n<p style=\"text-align: center;\">Jeudi 24 novembre de 18h \u00e0 22h<\/p>\n<p style=\"text-align: center;\">Vendredi 25novembre de 13h \u00e0 22h<\/p>\n<p style=\"text-align: center;\">Samedi 26 novembre de 11h \u00e0 22h<\/p>\n<p style=\"text-align: center;\">Dimanche 27 novembre de 10h30 \u00e0 19h30<\/p>\n<p style=\"text-align: center;\">Pour plus d&rsquo;infos:<\/p>\n<p style=\"text-align: center;\"><a href=\"http:\/\/www.watermael-boitsfort.be\/fr\/dernieresnouvelles\/grand-marche-de-noel\">http:\/\/www.watermael-boitsfort.be\/fr\/dernieresnouvelles\/grand-marche-de-noel<\/a><\/p>\n","protected":false},"excerpt":{"rendered":"<p>Je vous attends au march\u00e9 de No\u00ebl de Watermael-Boitsfort qui aura lieu du 24 au 27 novembre 2016! L&rsquo;entr\u00e9e est gratuite Horaire : Jeudi 24 novembre de 18h \u00e0 22h<\/p>\n","protected":false},"author":3,"featured_media":14256,"comment_status":"closed","ping_status":"closed","sticky":false,"template":"","format":"standard","meta":[],"categories":[87],"tags":[],"acf":[],"_links":{"self":[{"href":"http:\/\/www.perledechapeau.be\/index.php\/wp-json\/wp\/v2\/posts\/14253"}],"collection":[{"href":"http:\/\/www.perledechapeau.be\/index.php\/wp-json\/wp\/v2\/posts"}],"about":[{"href":"http:\/\/www.perledechapeau.be\/index.php\/wp-json\/wp\/v2\/types\/post"}],"author":[{"embeddable":true,"href":"http:\/\/www.perledechapeau.be\/index.php\/wp-json\/wp\/v2\/users\/3"}],"replies":[{"embeddable":true,"href":"http:\/\/www.perledechapeau.be\/index.php\/wp-json\/wp\/v2\/comments?post=14253"}],"version-history":[{"count":9,"href":"http:\/\/www.perledechapeau.be\/index.php\/wp-json\/wp\/v2\/posts\/14253\/revisions"}],"predecessor-version":[{"id":14327,"href":"http:\/\/www.perledechapeau.be\/index.php\/wp-json\/wp\/v2\/posts\/14253\/revisions\/14327"}],"wp:featuredmedia":[{"embeddable":true,"href":"http:\/\/www.perledechapeau.be\/index.php\/wp-json\/wp\/v2\/media\/14256"}],"wp:attachment":[{"href":"http:\/\/www.perledechapeau.be\/index.php\/wp-json\/wp\/v2\/media?parent=14253"}],"wp:term":[{"taxonomy":"category","embeddable":true,"href":"http:\/\/www.perledechapeau.be\/index.php\/wp-json\/wp\/v2\/categories?post=14253"},{"taxonomy":"post_tag","embeddable":true,"href":"http:\/\/www.perledechapeau.be\/index.php\/wp-json\/wp\/v2\/tags?post=14253"}],"curies":[{"name":"wp","href":"https:\/\/api.w.org\/{rel}","templated":true}]}}