{"id":14187,"date":"2016-10-12T08:47:52","date_gmt":"2016-10-12T07:47:52","guid":{"rendered":"http:\/\/www.perledechapeau.be\/?p=14187"},"modified":"2017-10-08T09:54:54","modified_gmt":"2017-10-08T08:54:54","slug":"les-artistes-ansois-2016","status":"publish","type":"post","link":"http:\/\/www.perledechapeau.be\/index.php\/2016\/10\/12\/les-artistes-ansois-2016\/","title":{"rendered":"Les artistes Ansois 2016"},"content":{"rendered":"<p style=\"text-align: center;\">Dans le cadre des ARTISTES ANSOIS, de nombreux artistes d\u2019Ans ouvrent leurs portes,<br \/>\nce \u00a0<strong>samedi 15 octobre 2016 et dimanche 16 de 14H \u00e0 18H<\/strong>.<\/p>\n<p style=\"text-align: center;\">Apr\u00e8s le salon ArtisanArt de Namur, c\u2019est dans mon atelier \u00e0 Alleur que vous pourrez venir me rencontrer\u2026<br \/>\net y d\u00e9couvrir mes derni\u00e8res cr\u00e9ations.<\/p>\n<p style=\"text-align: center;\">Je vous y attendrai personnellement<br \/>\n<strong>ce week-end au<\/strong>\u00a0<strong>16 all\u00e9e des fauvettes \u00e0 4432 Alleur<\/strong><\/p>\n<p style=\"text-align: center;\">Si vous ne trouvez pas, un petit coup de\u00a0<strong>GSM\u00a0: 0474\/49 69 83<\/strong><\/p>\n<p style=\"text-align: center;\">N\u2019h\u00e9sitez pas \u00e0 franchir la porte !<\/p>\n<p style=\"text-align: center;\">Isabelle Mathieu<\/p>\n<p>[vc_row][vc_column]<div class=\"dfd-spacer-module\"  data-units=\"px\" data-wide_resolution=\"1280\" data-wide_size=\"10\" data-normal_resolution=\"1024\" data-normal_size=\"\" data-tablet_resolution=\"800\" data-tablet_size=\"\" data-mobile_resolution=\"480\" data-mobile_size=\"\" style=\"height: 10px;\"><\/div><div id=\"dfd-button-69f37c7d4b4e1\" class=\"dfd-button-module-wrap\"><div class=\"dfd-button-module  style_3 text-center dfd-horizontal dfd-top-to-bottom dfd-button-icon-left dfd-button-icon-hover-simple\" ><a href=\"http:\/\/www.ans-commune.be\/loisirs\/culture\/actualites\/les-15-16-octobre-les-artistes-ansois-vous-ouvrent-leurs-portes..\/\" title=\"\" target=\"\" class=\"dfd-button-link\"><span class=\"dfd-button-inner-cover\"><span class=\"dfd-button-text-main\"><i class=\"fa fa-bullhorn\"><\/i>Les artistes ansois<\/span><\/span><\/a><\/div><script type=\"text\/javascript\">\r\n\t\t\t\t\t\t\t\t\t(function($) {$(\"head\").append(\"<style>#dfd-button-69f37c7d4b4e1.dfd-button-module-wrap .dfd-button-module .dfd-button-link .dfd-button-inner-cover .dfd-button-text-main {color: #ffffff}#dfd-button-69f37c7d4b4e1.dfd-button-module-wrap .dfd-button-module .dfd-button-link .dfd-button-inner-cover {border-radius:2px;}#dfd-button-69f37c7d4b4e1.dfd-button-module-wrap .dfd-button-module:not(.style_4) .dfd-button-link .dfd-button-inner-cover:before, #dfd-button-69f37c7d4b4e1.dfd-button-module-wrap .dfd-button-module.style_4 .dfd-button-link .dfd-button-inner-cover:after, #dfd-button-69f37c7d4b4e1.dfd-button-module-wrap .dfd-button-module.style_6 .dfd-button-link .dfd-button-inner-cover .dfd-button-text-main {background: #1b1b1b;border-style:solid;border-width:1px;border-radius:2px;border-color:#1b1b1b;}#dfd-button-69f37c7d4b4e1.dfd-button-module-wrap .dfd-button-module:not(.style_6) .dfd-button-link:hover .dfd-button-inner-cover .dfd-button-text-main, #dfd-button-69f37c7d4b4e1.dfd-button-module-wrap .dfd-button-module .dfd-button-link .dfd-button-inner-cover .dfd-button-text-hover {color: #ffffff;}#dfd-button-69f37c7d4b4e1.dfd-button-module-wrap .dfd-button-module .dfd-button-link:hover .dfd-button-inner-cover {border-radius:2px;}#dfd-button-69f37c7d4b4e1.dfd-button-module-wrap .dfd-button-module:not(.style_4) .dfd-button-link .dfd-button-inner-cover:after, #dfd-button-69f37c7d4b4e1.dfd-button-module-wrap .dfd-button-module.style_4 .dfd-button-link .dfd-button-inner-cover:before,#dfd-button-69f37c7d4b4e1.dfd-button-module-wrap .dfd-button-module .dfd-button-link .dfd-button-inner-cover .dfd-button-text-hover {background: #c39f76;border-style:solid;border-width:1px;border-radius:2px;border-color:#c39f76;}<\/style>\")\r\n\t\t\t\t\t\t\t\t\t})(jQuery);\r\n\t\t\t\t\t\t\t\t<\/script><\/div><div class=\"dfd-spacer-module\"  data-units=\"px\" data-wide_resolution=\"1280\" data-wide_size=\"10\" data-normal_resolution=\"1024\" data-normal_size=\"\" data-tablet_resolution=\"800\" data-tablet_size=\"\" data-mobile_resolution=\"480\" data-mobile_size=\"\" style=\"height: 10px;\"><\/div>[\/vc_column][\/vc_row]<\/p>\n","protected":false},"excerpt":{"rendered":"<p>Dans le cadre des ARTISTES ANSOIS, de nombreux artistes d\u2019Ans ouvrent leurs portes, ce \u00a0samedi 15 octobre 2016 et dimanche 16 de 14H \u00e0 18H. Apr\u00e8s le salon ArtisanArt de<\/p>\n","protected":false},"author":3,"featured_media":14164,"comment_status":"closed","ping_status":"open","sticky":false,"template":"","format":"standard","meta":[],"categories":[87],"tags":[],"acf":[],"_links":{"self":[{"href":"http:\/\/www.perledechapeau.be\/index.php\/wp-json\/wp\/v2\/posts\/14187"}],"collection":[{"href":"http:\/\/www.perledechapeau.be\/index.php\/wp-json\/wp\/v2\/posts"}],"about":[{"href":"http:\/\/www.perledechapeau.be\/index.php\/wp-json\/wp\/v2\/types\/post"}],"author":[{"embeddable":true,"href":"http:\/\/www.perledechapeau.be\/index.php\/wp-json\/wp\/v2\/users\/3"}],"replies":[{"embeddable":true,"href":"http:\/\/www.perledechapeau.be\/index.php\/wp-json\/wp\/v2\/comments?post=14187"}],"version-history":[{"count":12,"href":"http:\/\/www.perledechapeau.be\/index.php\/wp-json\/wp\/v2\/posts\/14187\/revisions"}],"predecessor-version":[{"id":14328,"href":"http:\/\/www.perledechapeau.be\/index.php\/wp-json\/wp\/v2\/posts\/14187\/revisions\/14328"}],"wp:featuredmedia":[{"embeddable":true,"href":"http:\/\/www.perledechapeau.be\/index.php\/wp-json\/wp\/v2\/media\/14164"}],"wp:attachment":[{"href":"http:\/\/www.perledechapeau.be\/index.php\/wp-json\/wp\/v2\/media?parent=14187"}],"wp:term":[{"taxonomy":"category","embeddable":true,"href":"http:\/\/www.perledechapeau.be\/index.php\/wp-json\/wp\/v2\/categories?post=14187"},{"taxonomy":"post_tag","embeddable":true,"href":"http:\/\/www.perledechapeau.be\/index.php\/wp-json\/wp\/v2\/tags?post=14187"}],"curies":[{"name":"wp","href":"https:\/\/api.w.org\/{rel}","templated":true}]}}