{"id":14141,"date":"2016-10-04T20:46:58","date_gmt":"2016-10-04T19:46:58","guid":{"rendered":"http:\/\/www.perledechapeau.be\/?p=14141"},"modified":"2016-10-11T17:43:41","modified_gmt":"2016-10-11T16:43:41","slug":"salon-artisanart","status":"publish","type":"post","link":"http:\/\/www.perledechapeau.be\/index.php\/2016\/10\/04\/salon-artisanart\/","title":{"rendered":"Salon ArtisanArt"},"content":{"rendered":"<p style=\"text-align: center;\">Je vous attends au salon des m\u00e9tiers d&rsquo;art et de la cr\u00e9ation \u00e0 Namur Expo palais 2 du 7 au 9 octobre 2016 de 10 \u00e0 18 h !<\/p>\n<p style=\"text-align: center;\">L&rsquo;entr\u00e9e est gratuite<\/p>\n<p style=\"text-align: center;\">Pour plus d&rsquo;infos:<\/p>\n<p style=\"text-align: center;\"><a href=\"http:\/\/www.artisan-art.be\">http:\/\/www.artisan-art.be<\/a><\/p>\n","protected":false},"excerpt":{"rendered":"<p>Je vous attends au salon des m\u00e9tiers d&rsquo;art et de la cr\u00e9ation \u00e0 Namur Expo palais 2 du 7 au 9 octobre 2016 de 10 \u00e0 18 h ! L&rsquo;entr\u00e9e<\/p>\n","protected":false},"author":3,"featured_media":14162,"comment_status":"closed","ping_status":"open","sticky":false,"template":"","format":"standard","meta":[],"categories":[87],"tags":[],"acf":[],"_links":{"self":[{"href":"http:\/\/www.perledechapeau.be\/index.php\/wp-json\/wp\/v2\/posts\/14141"}],"collection":[{"href":"http:\/\/www.perledechapeau.be\/index.php\/wp-json\/wp\/v2\/posts"}],"about":[{"href":"http:\/\/www.perledechapeau.be\/index.php\/wp-json\/wp\/v2\/types\/post"}],"author":[{"embeddable":true,"href":"http:\/\/www.perledechapeau.be\/index.php\/wp-json\/wp\/v2\/users\/3"}],"replies":[{"embeddable":true,"href":"http:\/\/www.perledechapeau.be\/index.php\/wp-json\/wp\/v2\/comments?post=14141"}],"version-history":[{"count":2,"href":"http:\/\/www.perledechapeau.be\/index.php\/wp-json\/wp\/v2\/posts\/14141\/revisions"}],"predecessor-version":[{"id":14160,"href":"http:\/\/www.perledechapeau.be\/index.php\/wp-json\/wp\/v2\/posts\/14141\/revisions\/14160"}],"wp:featuredmedia":[{"embeddable":true,"href":"http:\/\/www.perledechapeau.be\/index.php\/wp-json\/wp\/v2\/media\/14162"}],"wp:attachment":[{"href":"http:\/\/www.perledechapeau.be\/index.php\/wp-json\/wp\/v2\/media?parent=14141"}],"wp:term":[{"taxonomy":"category","embeddable":true,"href":"http:\/\/www.perledechapeau.be\/index.php\/wp-json\/wp\/v2\/categories?post=14141"},{"taxonomy":"post_tag","embeddable":true,"href":"http:\/\/www.perledechapeau.be\/index.php\/wp-json\/wp\/v2\/tags?post=14141"}],"curies":[{"name":"wp","href":"https:\/\/api.w.org\/{rel}","templated":true}]}}