{"id":13461,"date":"2016-03-23T16:37:39","date_gmt":"2016-03-23T15:37:39","guid":{"rendered":"http:\/\/www.feutremoi.be\/?p=13461"},"modified":"2016-08-11T10:41:52","modified_gmt":"2016-08-11T09:41:52","slug":"realisation-atelier-au-chien-vert","status":"publish","type":"post","link":"http:\/\/www.perledechapeau.be\/index.php\/2016\/03\/23\/realisation-atelier-au-chien-vert\/","title":{"rendered":"R\u00e9alisation atelier au Chien Vert"},"content":{"rendered":"<p>[vc_row][vc_column width=\u00a0\u00bb1\/2&Prime;]<div id=\"dfd-announce-69f37ad0bd8b2-6320\" class=\"dfd-announce-module-wrap align-left no_full_bg_class  style-3 layout-1\" ><div class=\"dfd-announce-module\"><div class=\"module-icon\" ><i class = \"dfd-icon-navigation\"><\/i><\/div><div class=\"module-text\" style=\"\">Envies de cr\u00e9er quelques heures !<br \/>\nVenez participer \u00e0 un atelier de couture au chien vert \u00e0 Hognoul.<br \/>\nLa derni\u00e8re cr\u00e9ation r\u00e9alis\u00e9e ce samedi : un col,<br \/>\net je vous propose un sac en coton enduit ou une \u00e9tole pour les semaines \u00e0 venir !<\/p>\n<div class=\"text_exposed_show\">\n<p>Pour tous renseignements, dates, inscriptions&#8230;.<br \/>\nSoit le site :\u00a0\u00a0<a href=\"http:\/\/l.facebook.com\/?u=http%3A%2F%2Fwww.feutremoi.wordpress.com%2F&amp;e=ATNWc1R5Me33_d1q-Ni-nx0HmuPg3KmP_Ws-RisJi0hQuJsJVfeP3wfN-8jWtw\" target=\"_blank\">www.feutremoi.wordpress.com<\/a><br \/>\nSoit le mail: i.mathieu@scarlet.be<\/p>\n<\/div>\n<p><\/div><\/div><\/div>[\/vc_column][vc_column width=\u00a0\u00bb1\/2&Prime;]<div class=\"dfd-module-wrapper\"><div class=\"dfd-gallery-loop dfd-gallery-module  carousel\" id=\"dfd-gallery-module-69f37ad0bd9c5\">\r\n\t<div class=\"dfd-gallery-wrap\">\r\n\t\t\r\n\t\t<div class=\"dfd-gallery dfd-gallery-carousel\"  data-columns=\"1\" data-layout-style=\"carousel\">\r\n\t\t\t\t\t\t<div class=\"dfd-gallery-single-item dfd-fade-out \" >\r\n\t\t\t\t\t<div class=\"cover text-center\">\r\n\t\t\t\t\t\t<div class=\"dfd-gallery-inner-wrap\">\r\n\t\t\t\t\t\t\t\r\n\t\t\t\t\t\t\t<div class=\"entry-thumb comments-like-hover\">\r\n\t\t\t\t\t\t\t\t<img src=\"http:\/\/www.perledechapeau.be\/wp-content\/uploads\/2016\/10\/Chapeau-Romane-turquoise-laine-bouillie-1-900x600.jpg\" alt=\"Chapeaux en laine bouillie\"\/>\r\n\t\t\t\t\t\t\t\t\t\t\t\t\t\t\t\t<div class=\"portfolio-custom-hover\">\r\n\t\t\t\t\t<div class=\"title-wrap none\">\r\n\t\t\t\t\t\t\t\t\t\t\t<h6 class=\"widget-title\">\r\n\t\t\t\t\t\t\t<a href=\"http:\/\/www.perledechapeau.be\/wp-content\/uploads\/2016\/10\/Chapeau-Romane-turquoise-laine-bouillie-1-900x600.jpg\" data-thumb=\"http:\/\/www.perledechapeau.be\/wp-content\/uploads\/2016\/10\/Chapeau-Romane-turquoise-laine-bouillie-1-150x150.jpg\" title=\"\" data-rel=\"prettyPhoto[1418169f37ad0c43f1]\">Chapeaux en laine bouillie<\/a>\r\n\t\t\t\t\t\t<\/h6>\r\n\t\t\t\t\t\t\t\t\t\t\t\t\t\t<\/div>\r\n\t\t\t<div class=\"hide\"><a href=\"http:\/\/www.perledechapeau.be\/wp-content\/uploads\/2017\/10\/2017LB11.jpg\" data-thumb=\"http:\/\/www.perledechapeau.be\/wp-content\/uploads\/2017\/10\/2017LB11-150x150.jpg\" title=\"\" data-rel=\"prettyPhoto[1418169f37ad0c43f1]\"><\/a><a href=\"http:\/\/www.perledechapeau.be\/wp-content\/uploads\/2017\/10\/2017LB10.jpg\" data-thumb=\"http:\/\/www.perledechapeau.be\/wp-content\/uploads\/2017\/10\/2017LB10-150x150.jpg\" title=\"\" data-rel=\"prettyPhoto[1418169f37ad0c43f1]\"><\/a><a href=\"http:\/\/www.perledechapeau.be\/wp-content\/uploads\/2017\/10\/2017LB9.jpg\" data-thumb=\"http:\/\/www.perledechapeau.be\/wp-content\/uploads\/2017\/10\/2017LB9-150x150.jpg\" title=\"\" data-rel=\"prettyPhoto[1418169f37ad0c43f1]\"><\/a><a href=\"http:\/\/www.perledechapeau.be\/wp-content\/uploads\/2017\/10\/2017LB7.jpg\" data-thumb=\"http:\/\/www.perledechapeau.be\/wp-content\/uploads\/2017\/10\/2017LB7-150x150.jpg\" title=\"\" data-rel=\"prettyPhoto[1418169f37ad0c43f1]\"><\/a><a href=\"http:\/\/www.perledechapeau.be\/wp-content\/uploads\/2017\/10\/2017LB8.jpg\" data-thumb=\"http:\/\/www.perledechapeau.be\/wp-content\/uploads\/2017\/10\/2017LB8-150x150.jpg\" title=\"\" data-rel=\"prettyPhoto[1418169f37ad0c43f1]\"><\/a><a href=\"http:\/\/www.perledechapeau.be\/wp-content\/uploads\/2017\/10\/2017LB6.jpg\" data-thumb=\"http:\/\/www.perledechapeau.be\/wp-content\/uploads\/2017\/10\/2017LB6-150x150.jpg\" title=\"\" data-rel=\"prettyPhoto[1418169f37ad0c43f1]\"><\/a><a href=\"http:\/\/www.perledechapeau.be\/wp-content\/uploads\/2017\/10\/2017LB5.jpg\" data-thumb=\"http:\/\/www.perledechapeau.be\/wp-content\/uploads\/2017\/10\/2017LB5-150x150.jpg\" title=\"\" data-rel=\"prettyPhoto[1418169f37ad0c43f1]\"><\/a><a href=\"http:\/\/www.perledechapeau.be\/wp-content\/uploads\/2017\/10\/2017LB4.jpg\" data-thumb=\"http:\/\/www.perledechapeau.be\/wp-content\/uploads\/2017\/10\/2017LB4-150x150.jpg\" title=\"\" data-rel=\"prettyPhoto[1418169f37ad0c43f1]\"><\/a><a href=\"http:\/\/www.perledechapeau.be\/wp-content\/uploads\/2017\/10\/2017LB3.jpg\" data-thumb=\"http:\/\/www.perledechapeau.be\/wp-content\/uploads\/2017\/10\/2017LB3-150x150.jpg\" title=\"\" data-rel=\"prettyPhoto[1418169f37ad0c43f1]\"><\/a><a href=\"http:\/\/www.perledechapeau.be\/wp-content\/uploads\/2017\/10\/2017LB2.jpg\" data-thumb=\"http:\/\/www.perledechapeau.be\/wp-content\/uploads\/2017\/10\/2017LB2-150x150.jpg\" title=\"\" data-rel=\"prettyPhoto[1418169f37ad0c43f1]\"><\/a><a href=\"http:\/\/www.perledechapeau.be\/wp-content\/uploads\/2017\/10\/2017LB1.jpg\" data-thumb=\"http:\/\/www.perledechapeau.be\/wp-content\/uploads\/2017\/10\/2017LB1-150x150.jpg\" title=\"\" data-rel=\"prettyPhoto[1418169f37ad0c43f1]\"><\/a><a href=\"http:\/\/www.perledechapeau.be\/wp-content\/uploads\/2018\/09\/20180924_110206.jpg\" data-thumb=\"http:\/\/www.perledechapeau.be\/wp-content\/uploads\/2018\/09\/20180924_110206-150x150.jpg\" title=\"\" data-rel=\"prettyPhoto[1418169f37ad0c43f1]\"><\/a><a href=\"http:\/\/www.perledechapeau.be\/wp-content\/uploads\/2018\/09\/20180912_131922.jpg\" data-thumb=\"http:\/\/www.perledechapeau.be\/wp-content\/uploads\/2018\/09\/20180912_131922-150x150.jpg\" title=\"\" data-rel=\"prettyPhoto[1418169f37ad0c43f1]\"><\/a><a href=\"http:\/\/www.perledechapeau.be\/wp-content\/uploads\/2018\/09\/20180912_131837.jpg\" data-thumb=\"http:\/\/www.perledechapeau.be\/wp-content\/uploads\/2018\/09\/20180912_131837-150x150.jpg\" title=\"\" data-rel=\"prettyPhoto[1418169f37ad0c43f1]\"><\/a><a href=\"http:\/\/www.perledechapeau.be\/wp-content\/uploads\/2018\/09\/20180912_131747.jpg\" data-thumb=\"http:\/\/www.perledechapeau.be\/wp-content\/uploads\/2018\/09\/20180912_131747-150x150.jpg\" title=\"\" data-rel=\"prettyPhoto[1418169f37ad0c43f1]\"><\/a><\/div><\/div>\t\t\t\t\t\t\t<\/div>\r\n\r\n\t\t\t\t\t\t\t<div class=\"dfd-gallery-heading-wrap dfd-title-bottom\"><div class=\"dfd-folio-categories\">\r\n\t<span class=\"byline category\">\r\n\t\t<a href=\"http:\/\/www.perledechapeau.be\/index.php\/gallery_category\/hiver\/\" class=\"fn\" >\r\n\t\t\t<span class=\"cat-name\">Hiver<\/span>\r\n\t\t<\/a>\r\n\t<\/span>\r\n<\/div><div class=\"dfd-blog-title widget-title\" style=\"\"><a href=\"http:\/\/www.perledechapeau.be\/index.php\/gallery\/chapeaux-en-laine-bouillie\/\" title=\"Chapeaux en laine bouillie\">Chapeaux en laine bouillie<\/a><\/div><\/div>\t\t\t\t\t\t<\/div>\r\n\t\t\t\t\t<\/div>\r\n\t\t\t\t<\/div>\r\n\t\t\t\t\t\t\t<div class=\"dfd-gallery-single-item dfd-fade-out \" >\r\n\t\t\t\t\t<div class=\"cover text-center\">\r\n\t\t\t\t\t\t<div class=\"dfd-gallery-inner-wrap\">\r\n\t\t\t\t\t\t\t\r\n\t\t\t\t\t\t\t<div class=\"entry-thumb comments-like-hover\">\r\n\t\t\t\t\t\t\t\t<img src=\"http:\/\/www.perledechapeau.be\/wp-content\/uploads\/2017\/10\/2017F24-900x600.jpg\" alt=\"Chapeaux en feutre de laine\"\/>\r\n\t\t\t\t\t\t\t\t\t\t\t\t\t\t\t\t<div class=\"portfolio-custom-hover\">\r\n\t\t\t\t\t<div class=\"title-wrap none\">\r\n\t\t\t\t\t\t\t\t\t\t\t<h6 class=\"widget-title\">\r\n\t\t\t\t\t\t\t<a href=\"http:\/\/www.perledechapeau.be\/wp-content\/uploads\/2017\/10\/2017F24-900x600.jpg\" data-thumb=\"http:\/\/www.perledechapeau.be\/wp-content\/uploads\/2017\/10\/2017F24-150x150.jpg\" title=\"\" data-rel=\"prettyPhoto[1370569f37ad0d6076]\">Chapeaux en feutre de laine<\/a>\r\n\t\t\t\t\t\t<\/h6>\r\n\t\t\t\t\t\t\t\t\t\t\t\t\t\t<\/div>\r\n\t\t\t<div class=\"hide\"><a href=\"http:\/\/www.perledechapeau.be\/wp-content\/uploads\/2017\/10\/2017F26.jpg\" data-thumb=\"http:\/\/www.perledechapeau.be\/wp-content\/uploads\/2017\/10\/2017F26-150x150.jpg\" title=\"\" data-rel=\"prettyPhoto[1370569f37ad0d6076]\"><\/a><a href=\"http:\/\/www.perledechapeau.be\/wp-content\/uploads\/2017\/10\/2017F25.jpg\" data-thumb=\"http:\/\/www.perledechapeau.be\/wp-content\/uploads\/2017\/10\/2017F25-150x150.jpg\" title=\"\" data-rel=\"prettyPhoto[1370569f37ad0d6076]\"><\/a><a href=\"http:\/\/www.perledechapeau.be\/wp-content\/uploads\/2017\/10\/2017F24.jpg\" data-thumb=\"http:\/\/www.perledechapeau.be\/wp-content\/uploads\/2017\/10\/2017F24-150x150.jpg\" title=\"\" data-rel=\"prettyPhoto[1370569f37ad0d6076]\"><\/a><a href=\"http:\/\/www.perledechapeau.be\/wp-content\/uploads\/2017\/10\/2017F23.jpg\" data-thumb=\"http:\/\/www.perledechapeau.be\/wp-content\/uploads\/2017\/10\/2017F23-150x150.jpg\" title=\"\" data-rel=\"prettyPhoto[1370569f37ad0d6076]\"><\/a><a href=\"http:\/\/www.perledechapeau.be\/wp-content\/uploads\/2017\/10\/2017F22.jpg\" data-thumb=\"http:\/\/www.perledechapeau.be\/wp-content\/uploads\/2017\/10\/2017F22-150x150.jpg\" title=\"\" data-rel=\"prettyPhoto[1370569f37ad0d6076]\"><\/a><a href=\"http:\/\/www.perledechapeau.be\/wp-content\/uploads\/2017\/10\/2017F21.jpg\" data-thumb=\"http:\/\/www.perledechapeau.be\/wp-content\/uploads\/2017\/10\/2017F21-150x150.jpg\" title=\"\" data-rel=\"prettyPhoto[1370569f37ad0d6076]\"><\/a><a href=\"http:\/\/www.perledechapeau.be\/wp-content\/uploads\/2017\/10\/2017F20.jpg\" data-thumb=\"http:\/\/www.perledechapeau.be\/wp-content\/uploads\/2017\/10\/2017F20-150x150.jpg\" title=\"\" data-rel=\"prettyPhoto[1370569f37ad0d6076]\"><\/a><a href=\"http:\/\/www.perledechapeau.be\/wp-content\/uploads\/2017\/10\/2017F19.jpg\" data-thumb=\"http:\/\/www.perledechapeau.be\/wp-content\/uploads\/2017\/10\/2017F19-150x150.jpg\" title=\"\" data-rel=\"prettyPhoto[1370569f37ad0d6076]\"><\/a><a href=\"http:\/\/www.perledechapeau.be\/wp-content\/uploads\/2017\/10\/2017F18.jpg\" data-thumb=\"http:\/\/www.perledechapeau.be\/wp-content\/uploads\/2017\/10\/2017F18-150x150.jpg\" title=\"\" data-rel=\"prettyPhoto[1370569f37ad0d6076]\"><\/a><a href=\"http:\/\/www.perledechapeau.be\/wp-content\/uploads\/2017\/10\/2017F17.jpg\" data-thumb=\"http:\/\/www.perledechapeau.be\/wp-content\/uploads\/2017\/10\/2017F17-150x150.jpg\" title=\"\" data-rel=\"prettyPhoto[1370569f37ad0d6076]\"><\/a><a href=\"http:\/\/www.perledechapeau.be\/wp-content\/uploads\/2017\/10\/2017F16.jpg\" data-thumb=\"http:\/\/www.perledechapeau.be\/wp-content\/uploads\/2017\/10\/2017F16-150x150.jpg\" title=\"\" data-rel=\"prettyPhoto[1370569f37ad0d6076]\"><\/a><a href=\"http:\/\/www.perledechapeau.be\/wp-content\/uploads\/2017\/10\/2017F15.jpg\" data-thumb=\"http:\/\/www.perledechapeau.be\/wp-content\/uploads\/2017\/10\/2017F15-150x150.jpg\" title=\"\" data-rel=\"prettyPhoto[1370569f37ad0d6076]\"><\/a><a href=\"http:\/\/www.perledechapeau.be\/wp-content\/uploads\/2017\/10\/2017F14.jpg\" data-thumb=\"http:\/\/www.perledechapeau.be\/wp-content\/uploads\/2017\/10\/2017F14-150x150.jpg\" title=\"\" data-rel=\"prettyPhoto[1370569f37ad0d6076]\"><\/a><a href=\"http:\/\/www.perledechapeau.be\/wp-content\/uploads\/2017\/10\/2017F13.jpg\" data-thumb=\"http:\/\/www.perledechapeau.be\/wp-content\/uploads\/2017\/10\/2017F13-150x150.jpg\" title=\"\" data-rel=\"prettyPhoto[1370569f37ad0d6076]\"><\/a><a href=\"http:\/\/www.perledechapeau.be\/wp-content\/uploads\/2017\/10\/2017F12.jpg\" data-thumb=\"http:\/\/www.perledechapeau.be\/wp-content\/uploads\/2017\/10\/2017F12-150x150.jpg\" title=\"\" data-rel=\"prettyPhoto[1370569f37ad0d6076]\"><\/a><a href=\"http:\/\/www.perledechapeau.be\/wp-content\/uploads\/2017\/10\/2017F11.jpg\" data-thumb=\"http:\/\/www.perledechapeau.be\/wp-content\/uploads\/2017\/10\/2017F11-150x150.jpg\" title=\"\" data-rel=\"prettyPhoto[1370569f37ad0d6076]\"><\/a><a href=\"http:\/\/www.perledechapeau.be\/wp-content\/uploads\/2017\/10\/2017F10.jpg\" data-thumb=\"http:\/\/www.perledechapeau.be\/wp-content\/uploads\/2017\/10\/2017F10-150x150.jpg\" title=\"\" data-rel=\"prettyPhoto[1370569f37ad0d6076]\"><\/a><a href=\"http:\/\/www.perledechapeau.be\/wp-content\/uploads\/2017\/10\/2017F9.jpg\" data-thumb=\"http:\/\/www.perledechapeau.be\/wp-content\/uploads\/2017\/10\/2017F9-150x150.jpg\" title=\"\" data-rel=\"prettyPhoto[1370569f37ad0d6076]\"><\/a><a href=\"http:\/\/www.perledechapeau.be\/wp-content\/uploads\/2017\/10\/2017F8.jpg\" data-thumb=\"http:\/\/www.perledechapeau.be\/wp-content\/uploads\/2017\/10\/2017F8-150x150.jpg\" title=\"\" data-rel=\"prettyPhoto[1370569f37ad0d6076]\"><\/a><a href=\"http:\/\/www.perledechapeau.be\/wp-content\/uploads\/2017\/10\/2017F7.jpg\" data-thumb=\"http:\/\/www.perledechapeau.be\/wp-content\/uploads\/2017\/10\/2017F7-150x150.jpg\" title=\"\" data-rel=\"prettyPhoto[1370569f37ad0d6076]\"><\/a><a href=\"http:\/\/www.perledechapeau.be\/wp-content\/uploads\/2017\/10\/2017F6.jpg\" data-thumb=\"http:\/\/www.perledechapeau.be\/wp-content\/uploads\/2017\/10\/2017F6-150x150.jpg\" title=\"\" data-rel=\"prettyPhoto[1370569f37ad0d6076]\"><\/a><a href=\"http:\/\/www.perledechapeau.be\/wp-content\/uploads\/2017\/10\/2017F5.jpg\" data-thumb=\"http:\/\/www.perledechapeau.be\/wp-content\/uploads\/2017\/10\/2017F5-150x150.jpg\" title=\"\" data-rel=\"prettyPhoto[1370569f37ad0d6076]\"><\/a><a href=\"http:\/\/www.perledechapeau.be\/wp-content\/uploads\/2017\/10\/2017F4.jpg\" data-thumb=\"http:\/\/www.perledechapeau.be\/wp-content\/uploads\/2017\/10\/2017F4-150x150.jpg\" title=\"\" data-rel=\"prettyPhoto[1370569f37ad0d6076]\"><\/a><a href=\"http:\/\/www.perledechapeau.be\/wp-content\/uploads\/2017\/10\/2017F3.jpg\" data-thumb=\"http:\/\/www.perledechapeau.be\/wp-content\/uploads\/2017\/10\/2017F3-150x150.jpg\" title=\"\" data-rel=\"prettyPhoto[1370569f37ad0d6076]\"><\/a><a href=\"http:\/\/www.perledechapeau.be\/wp-content\/uploads\/2017\/10\/2017F2.jpg\" data-thumb=\"http:\/\/www.perledechapeau.be\/wp-content\/uploads\/2017\/10\/2017F2-150x150.jpg\" title=\"\" data-rel=\"prettyPhoto[1370569f37ad0d6076]\"><\/a><a href=\"http:\/\/www.perledechapeau.be\/wp-content\/uploads\/2017\/10\/2017F1.jpg\" data-thumb=\"http:\/\/www.perledechapeau.be\/wp-content\/uploads\/2017\/10\/2017F1-150x150.jpg\" title=\"\" data-rel=\"prettyPhoto[1370569f37ad0d6076]\"><\/a><a href=\"http:\/\/www.perledechapeau.be\/wp-content\/uploads\/2018\/01\/2017F33.jpg\" data-thumb=\"http:\/\/www.perledechapeau.be\/wp-content\/uploads\/2018\/01\/2017F33-150x150.jpg\" title=\"\" data-rel=\"prettyPhoto[1370569f37ad0d6076]\"><\/a><a href=\"http:\/\/www.perledechapeau.be\/wp-content\/uploads\/2018\/01\/2017F32.jpg\" data-thumb=\"http:\/\/www.perledechapeau.be\/wp-content\/uploads\/2018\/01\/2017F32-150x150.jpg\" title=\"\" data-rel=\"prettyPhoto[1370569f37ad0d6076]\"><\/a><a href=\"http:\/\/www.perledechapeau.be\/wp-content\/uploads\/2018\/01\/2017F31.jpg\" data-thumb=\"http:\/\/www.perledechapeau.be\/wp-content\/uploads\/2018\/01\/2017F31-150x150.jpg\" title=\"\" data-rel=\"prettyPhoto[1370569f37ad0d6076]\"><\/a><a href=\"http:\/\/www.perledechapeau.be\/wp-content\/uploads\/2018\/01\/2017F30.jpg\" data-thumb=\"http:\/\/www.perledechapeau.be\/wp-content\/uploads\/2018\/01\/2017F30-150x150.jpg\" title=\"\" data-rel=\"prettyPhoto[1370569f37ad0d6076]\"><\/a><a href=\"http:\/\/www.perledechapeau.be\/wp-content\/uploads\/2018\/01\/2017F29.jpg\" data-thumb=\"http:\/\/www.perledechapeau.be\/wp-content\/uploads\/2018\/01\/2017F29-150x150.jpg\" title=\"\" data-rel=\"prettyPhoto[1370569f37ad0d6076]\"><\/a><a href=\"http:\/\/www.perledechapeau.be\/wp-content\/uploads\/2018\/01\/2017F36.jpg\" data-thumb=\"http:\/\/www.perledechapeau.be\/wp-content\/uploads\/2018\/01\/2017F36-150x150.jpg\" title=\"\" data-rel=\"prettyPhoto[1370569f37ad0d6076]\"><\/a><a href=\"http:\/\/www.perledechapeau.be\/wp-content\/uploads\/2018\/09\/chapeau.jpg\" data-thumb=\"http:\/\/www.perledechapeau.be\/wp-content\/uploads\/2018\/09\/chapeau-150x150.jpg\" title=\"\" data-rel=\"prettyPhoto[1370569f37ad0d6076]\"><\/a><a href=\"http:\/\/www.perledechapeau.be\/wp-content\/uploads\/2018\/09\/laine-m\u00e9lang\u00e9e.jpg\" data-thumb=\"http:\/\/www.perledechapeau.be\/wp-content\/uploads\/2018\/09\/laine-m\u00e9lang\u00e9e-150x150.jpg\" title=\"\" data-rel=\"prettyPhoto[1370569f37ad0d6076]\"><\/a><a href=\"http:\/\/www.perledechapeau.be\/wp-content\/uploads\/2018\/09\/gilet-chapeau.jpg\" data-thumb=\"http:\/\/www.perledechapeau.be\/wp-content\/uploads\/2018\/09\/gilet-chapeau-150x150.jpg\" title=\"\" data-rel=\"prettyPhoto[1370569f37ad0d6076]\"><\/a><a href=\"http:\/\/www.perledechapeau.be\/wp-content\/uploads\/2018\/09\/detail-1.jpg\" data-thumb=\"http:\/\/www.perledechapeau.be\/wp-content\/uploads\/2018\/09\/detail-1-150x150.jpg\" title=\"\" data-rel=\"prettyPhoto[1370569f37ad0d6076]\"><\/a><a href=\"http:\/\/www.perledechapeau.be\/wp-content\/uploads\/2018\/09\/20180225_101839-1.jpg\" data-thumb=\"http:\/\/www.perledechapeau.be\/wp-content\/uploads\/2018\/09\/20180225_101839-1-150x150.jpg\" title=\"\" data-rel=\"prettyPhoto[1370569f37ad0d6076]\"><\/a><a href=\"http:\/\/www.perledechapeau.be\/wp-content\/uploads\/2018\/09\/20180225_101849.jpg\" data-thumb=\"http:\/\/www.perledechapeau.be\/wp-content\/uploads\/2018\/09\/20180225_101849-150x150.jpg\" title=\"\" data-rel=\"prettyPhoto[1370569f37ad0d6076]\"><\/a><a href=\"http:\/\/www.perledechapeau.be\/wp-content\/uploads\/2018\/09\/20180225_102023.jpg\" data-thumb=\"http:\/\/www.perledechapeau.be\/wp-content\/uploads\/2018\/09\/20180225_102023-150x150.jpg\" title=\"\" data-rel=\"prettyPhoto[1370569f37ad0d6076]\"><\/a><a href=\"http:\/\/www.perledechapeau.be\/wp-content\/uploads\/2019\/03\/feutre-3.jpg\" data-thumb=\"http:\/\/www.perledechapeau.be\/wp-content\/uploads\/2019\/03\/feutre-3-150x150.jpg\" title=\"\" data-rel=\"prettyPhoto[1370569f37ad0d6076]\"><\/a><\/div><\/div>\t\t\t\t\t\t\t<\/div>\r\n\r\n\t\t\t\t\t\t\t<div class=\"dfd-gallery-heading-wrap dfd-title-bottom\"><div class=\"dfd-folio-categories\">\r\n\t<span class=\"byline category\">\r\n\t\t<a href=\"http:\/\/www.perledechapeau.be\/index.php\/gallery_category\/hiver\/\" class=\"fn\" >\r\n\t\t\t<span class=\"cat-name\">Hiver<\/span>\r\n\t\t<\/a>\r\n\t<\/span>\r\n<\/div><div class=\"dfd-blog-title widget-title\" style=\"\"><a href=\"http:\/\/www.perledechapeau.be\/index.php\/gallery\/chapeaux-en-feutre-de-laine\/\" title=\"Chapeaux en feutre de laine\">Chapeaux en feutre de laine<\/a><\/div><\/div>\t\t\t\t\t\t<\/div>\r\n\t\t\t\t\t<\/div>\r\n\t\t\t\t<\/div>\r\n\t\t\t\t\t\t\t<div class=\"dfd-gallery-single-item dfd-fade-out \" >\r\n\t\t\t\t\t<div class=\"cover text-center\">\r\n\t\t\t\t\t\t<div class=\"dfd-gallery-inner-wrap\">\r\n\t\t\t\t\t\t\t\r\n\t\t\t\t\t\t\t<div class=\"entry-thumb comments-like-hover\">\r\n\t\t\t\t\t\t\t\t<img src=\"http:\/\/www.perledechapeau.be\/wp-content\/uploads\/2017\/10\/2017FL1-900x600.jpg\" alt=\"Chapeaux en feutre de lapin\"\/>\r\n\t\t\t\t\t\t\t\t\t\t\t\t\t\t\t\t<div class=\"portfolio-custom-hover\">\r\n\t\t\t\t\t<div class=\"title-wrap none\">\r\n\t\t\t\t\t\t\t\t\t\t\t<h6 class=\"widget-title\">\r\n\t\t\t\t\t\t\t<a href=\"http:\/\/www.perledechapeau.be\/wp-content\/uploads\/2017\/10\/2017FL1-900x600.jpg\" data-thumb=\"http:\/\/www.perledechapeau.be\/wp-content\/uploads\/2017\/10\/2017FL1-150x150.jpg\" title=\"\" data-rel=\"prettyPhoto[1418469f37ad0ec675]\">Chapeaux en feutre de lapin<\/a>\r\n\t\t\t\t\t\t<\/h6>\r\n\t\t\t\t\t\t\t\t\t\t\t\t\t\t<\/div>\r\n\t\t\t<div class=\"hide\"><a href=\"http:\/\/www.perledechapeau.be\/wp-content\/uploads\/2017\/10\/2017FL1.jpg\" data-thumb=\"http:\/\/www.perledechapeau.be\/wp-content\/uploads\/2017\/10\/2017FL1-150x150.jpg\" title=\"\" data-rel=\"prettyPhoto[1418469f37ad0ec675]\"><\/a><\/div><\/div>\t\t\t\t\t\t\t<\/div>\r\n\r\n\t\t\t\t\t\t\t<div class=\"dfd-gallery-heading-wrap dfd-title-bottom\"><div class=\"dfd-folio-categories\">\r\n\t<span class=\"byline category\">\r\n\t\t<a href=\"http:\/\/www.perledechapeau.be\/index.php\/gallery_category\/hiver\/\" class=\"fn\" >\r\n\t\t\t<span class=\"cat-name\">Hiver<\/span>\r\n\t\t<\/a>\r\n\t<\/span>\r\n<\/div><div class=\"dfd-blog-title widget-title\" style=\"\"><a href=\"http:\/\/www.perledechapeau.be\/index.php\/gallery\/chapeaux-en-feutre-de-lapin\/\" title=\"Chapeaux en feutre de lapin\">Chapeaux en feutre de lapin<\/a><\/div><\/div>\t\t\t\t\t\t<\/div>\r\n\t\t\t\t\t<\/div>\r\n\t\t\t\t<\/div>\r\n\t\t\t\t\t\t\t<div class=\"dfd-gallery-single-item dfd-fade-out \" >\r\n\t\t\t\t\t<div class=\"cover text-center\">\r\n\t\t\t\t\t\t<div class=\"dfd-gallery-inner-wrap\">\r\n\t\t\t\t\t\t\t\r\n\t\t\t\t\t\t\t<div class=\"entry-thumb comments-like-hover\">\r\n\t\t\t\t\t\t\t\t<img src=\"http:\/\/www.perledechapeau.be\/wp-content\/uploads\/2017\/10\/2017C1-900x600.jpg\" alt=\"Chapeaux en coton\"\/>\r\n\t\t\t\t\t\t\t\t\t\t\t\t\t\t\t\t<div class=\"portfolio-custom-hover\">\r\n\t\t\t\t\t<div class=\"title-wrap none\">\r\n\t\t\t\t\t\t\t\t\t\t\t<h6 class=\"widget-title\">\r\n\t\t\t\t\t\t\t<a href=\"http:\/\/www.perledechapeau.be\/wp-content\/uploads\/2017\/10\/2017C1-900x600.jpg\" data-thumb=\"http:\/\/www.perledechapeau.be\/wp-content\/uploads\/2017\/10\/2017C1-150x150.jpg\" title=\"\" data-rel=\"prettyPhoto[1370069f37ad0ed5eb]\">Chapeaux en coton<\/a>\r\n\t\t\t\t\t\t<\/h6>\r\n\t\t\t\t\t\t\t\t\t\t\t\t\t\t<\/div>\r\n\t\t\t<div class=\"hide\"><a href=\"http:\/\/www.perledechapeau.be\/wp-content\/uploads\/2017\/10\/2017C11.jpg\" data-thumb=\"http:\/\/www.perledechapeau.be\/wp-content\/uploads\/2017\/10\/2017C11-150x150.jpg\" title=\"\" data-rel=\"prettyPhoto[1370069f37ad0ed5eb]\"><\/a><a href=\"http:\/\/www.perledechapeau.be\/wp-content\/uploads\/2017\/10\/2017C10.jpg\" data-thumb=\"http:\/\/www.perledechapeau.be\/wp-content\/uploads\/2017\/10\/2017C10-150x150.jpg\" title=\"\" data-rel=\"prettyPhoto[1370069f37ad0ed5eb]\"><\/a><a href=\"http:\/\/www.perledechapeau.be\/wp-content\/uploads\/2017\/10\/2017C9.jpg\" data-thumb=\"http:\/\/www.perledechapeau.be\/wp-content\/uploads\/2017\/10\/2017C9-150x150.jpg\" title=\"\" data-rel=\"prettyPhoto[1370069f37ad0ed5eb]\"><\/a><a href=\"http:\/\/www.perledechapeau.be\/wp-content\/uploads\/2017\/10\/2017C8.jpg\" data-thumb=\"http:\/\/www.perledechapeau.be\/wp-content\/uploads\/2017\/10\/2017C8-150x150.jpg\" title=\"\" data-rel=\"prettyPhoto[1370069f37ad0ed5eb]\"><\/a><a href=\"http:\/\/www.perledechapeau.be\/wp-content\/uploads\/2017\/10\/2017C7.jpg\" data-thumb=\"http:\/\/www.perledechapeau.be\/wp-content\/uploads\/2017\/10\/2017C7-150x150.jpg\" title=\"\" data-rel=\"prettyPhoto[1370069f37ad0ed5eb]\"><\/a><a href=\"http:\/\/www.perledechapeau.be\/wp-content\/uploads\/2017\/10\/2017C6.jpg\" data-thumb=\"http:\/\/www.perledechapeau.be\/wp-content\/uploads\/2017\/10\/2017C6-150x150.jpg\" title=\"\" data-rel=\"prettyPhoto[1370069f37ad0ed5eb]\"><\/a><a href=\"http:\/\/www.perledechapeau.be\/wp-content\/uploads\/2017\/10\/2017C5.jpg\" data-thumb=\"http:\/\/www.perledechapeau.be\/wp-content\/uploads\/2017\/10\/2017C5-150x150.jpg\" title=\"\" data-rel=\"prettyPhoto[1370069f37ad0ed5eb]\"><\/a><a href=\"http:\/\/www.perledechapeau.be\/wp-content\/uploads\/2017\/10\/2017C4.jpg\" data-thumb=\"http:\/\/www.perledechapeau.be\/wp-content\/uploads\/2017\/10\/2017C4-150x150.jpg\" title=\"\" data-rel=\"prettyPhoto[1370069f37ad0ed5eb]\"><\/a><a href=\"http:\/\/www.perledechapeau.be\/wp-content\/uploads\/2017\/10\/2017C3.jpg\" data-thumb=\"http:\/\/www.perledechapeau.be\/wp-content\/uploads\/2017\/10\/2017C3-150x150.jpg\" title=\"\" data-rel=\"prettyPhoto[1370069f37ad0ed5eb]\"><\/a><a href=\"http:\/\/www.perledechapeau.be\/wp-content\/uploads\/2017\/10\/2017C2.jpg\" data-thumb=\"http:\/\/www.perledechapeau.be\/wp-content\/uploads\/2017\/10\/2017C2-150x150.jpg\" title=\"\" data-rel=\"prettyPhoto[1370069f37ad0ed5eb]\"><\/a><a href=\"http:\/\/www.perledechapeau.be\/wp-content\/uploads\/2017\/10\/2017C1.jpg\" data-thumb=\"http:\/\/www.perledechapeau.be\/wp-content\/uploads\/2017\/10\/2017C1-150x150.jpg\" title=\"\" data-rel=\"prettyPhoto[1370069f37ad0ed5eb]\"><\/a><a href=\"http:\/\/www.perledechapeau.be\/wp-content\/uploads\/2019\/03\/\u00e9t\u00e9-soleil-1.jpg\" data-thumb=\"http:\/\/www.perledechapeau.be\/wp-content\/uploads\/2019\/03\/\u00e9t\u00e9-soleil-1-150x150.jpg\" title=\"\" data-rel=\"prettyPhoto[1370069f37ad0ed5eb]\"><\/a><\/div><\/div>\t\t\t\t\t\t\t<\/div>\r\n\r\n\t\t\t\t\t\t\t<div class=\"dfd-gallery-heading-wrap dfd-title-bottom\"><div class=\"dfd-folio-categories\">\r\n\t<span class=\"byline category\">\r\n\t\t<a href=\"http:\/\/www.perledechapeau.be\/index.php\/gallery_category\/ete\/\" class=\"fn\" >\r\n\t\t\t<span class=\"cat-name\">Et\u00e9<\/span>\r\n\t\t<\/a>\r\n\t<\/span>\r\n<\/div><div class=\"dfd-blog-title widget-title\" style=\"\"><a href=\"http:\/\/www.perledechapeau.be\/index.php\/gallery\/chapeaux-en-coton\/\" title=\"Chapeaux en coton\">Chapeaux en coton<\/a><\/div><\/div>\t\t\t\t\t\t<\/div>\r\n\t\t\t\t\t<\/div>\r\n\t\t\t\t<\/div>\r\n\t\t\t\t\t<\/div>\r\n\t<\/div>\r\n<\/div>\r\n<script type=\"text\/javascript\">\r\n\t\t\t\t\t\t\t\t(function($) {$(\"head\").append(\"<style>#dfd-gallery-module-69f37ad0bd9c5 .dfd-gallery {margin: -10px;}#dfd-gallery-module-69f37ad0bd9c5 .dfd-gallery .cover {padding: 10px;}<\/style>\");if(typeof jQuery.fn.initPostsCarousel !== \"undefined\") {\r\n\t\t\t\t\tjQuery(\"#dfd-gallery-module-69f37ad0bd9c5 .dfd-gallery\").initPostsCarousel();\r\n\t\t\t\t}})(jQuery);\r\n\t\t\t\t\t\t\t<\/script><\/div>[\/vc_column][\/vc_row]<\/p>\n","protected":false},"excerpt":{"rendered":"<p>[vc_row][vc_column width=\u00a0\u00bb1\/2&Prime;][\/vc_column][vc_column width=\u00a0\u00bb1\/2&Prime;][\/vc_column][\/vc_row]<\/p>\n","protected":false},"author":1,"featured_media":0,"comment_status":"open","ping_status":"closed","sticky":false,"template":"","format":"standard","meta":[],"categories":[2],"tags":[],"acf":[],"_links":{"self":[{"href":"http:\/\/www.perledechapeau.be\/index.php\/wp-json\/wp\/v2\/posts\/13461"}],"collection":[{"href":"http:\/\/www.perledechapeau.be\/index.php\/wp-json\/wp\/v2\/posts"}],"about":[{"href":"http:\/\/www.perledechapeau.be\/index.php\/wp-json\/wp\/v2\/types\/post"}],"author":[{"embeddable":true,"href":"http:\/\/www.perledechapeau.be\/index.php\/wp-json\/wp\/v2\/users\/1"}],"replies":[{"embeddable":true,"href":"http:\/\/www.perledechapeau.be\/index.php\/wp-json\/wp\/v2\/comments?post=13461"}],"version-history":[{"count":1,"href":"http:\/\/www.perledechapeau.be\/index.php\/wp-json\/wp\/v2\/posts\/13461\/revisions"}],"predecessor-version":[{"id":13936,"href":"http:\/\/www.perledechapeau.be\/index.php\/wp-json\/wp\/v2\/posts\/13461\/revisions\/13936"}],"wp:attachment":[{"href":"http:\/\/www.perledechapeau.be\/index.php\/wp-json\/wp\/v2\/media?parent=13461"}],"wp:term":[{"taxonomy":"category","embeddable":true,"href":"http:\/\/www.perledechapeau.be\/index.php\/wp-json\/wp\/v2\/categories?post=13461"},{"taxonomy":"post_tag","embeddable":true,"href":"http:\/\/www.perledechapeau.be\/index.php\/wp-json\/wp\/v2\/tags?post=13461"}],"curies":[{"name":"wp","href":"https:\/\/api.w.org\/{rel}","templated":true}]}}