{"id":12987,"date":"2015-07-21T10:59:01","date_gmt":"2015-07-21T09:59:01","guid":{"rendered":"http:\/\/themes.dfd.name\/ronneby\/twenty_second\/?p=12987"},"modified":"2015-07-21T10:59:01","modified_gmt":"2015-07-21T09:59:01","slug":"creation-beret","status":"publish","type":"post","link":"http:\/\/www.perledechapeau.be\/index.php\/2015\/07\/21\/creation-beret\/","title":{"rendered":"Cr\u00e9ation d&#039;un b\u00e9ret"},"content":{"rendered":"<p>[vc_row][vc_column width=\u00a0\u00bb1\/2&Prime;][vc_column_text]<\/p>\n<h2 class=\"\">Atelier Couture au Chien Vert<br \/>\n&#8211; Hognoul &#8211;<\/h2>\n<h4 class=\"\">Cr\u00e9ation d&rsquo;un b\u00e9ret avec Isabelle.<\/h4>\n<p><span style=\"color: #ff0068;\">Date des cours :<\/span><\/p>\n<p>Jeudi 21 janvier de 14h00 \u00e0 17h00<span style=\"color: #ff0068;\">\u00a0 <a href=\"http:\/\/shop.chienvert.com\/fr\/8261-atelier-beret-a-hognoul-le-1201.html\" target=\"externallink\"><span style=\"color: #ff0068;\">-&gt; r\u00e9server cet atelier<\/span><\/a><\/span><br \/>\nJeudi 28 janvier de 14h00 \u00e0 17H00<span style=\"color: #ff0068;\"> <a href=\"http:\/\/shop.chienvert.com\/fr\/8262-atelier-beret-a-hognoul-le-1201.html\" target=\"externallink\">&#8211;<span style=\"color: #ff0068;\">&gt; r\u00e9server cet atelier<\/span><\/a><\/span><span style=\"color: #ff0068;\"><a><br \/>\n<\/a><\/span><br \/>\nNiveau de l&rsquo;atelier : d\u00e9butant<br \/>\nDur\u00e9e de l&rsquo;atelier : 3h00<br \/>\nPrix de l&rsquo;atelier\u00a0: 35\u20ac tvac par participante.<br \/>\nNombre de\u00a0participantes maximum par atelier : 5 participantes<br \/>\nLe mat\u00e9riel de couture sera mis \u00e0 votre disposition durant le cours : machines \u00e0 coudre Toyota ou Bernina, fil, aiguilles, m\u00e8tre, etc&#8230;<br \/>\n<span style=\"color: #ff0068;\"><br \/>\n<\/span><span style=\"color: #ff0068;\"><span style=\"color: #ff0068;\"><span style=\"color: #ff0068;\"><span style=\"color: #ff0068;\"><span style=\"color: #8f848d;\"><span style=\"color: #a2ad00;\"><em>Si vous avez une machine \u00e0 coudre n&rsquo;h\u00e9sitez pas \u00e0 l&rsquo;amener car c&rsquo;est toujours mieux d&rsquo;apprendre \u00e0 travailler sur la machine que vous utiliserez par la suite \u00e0 la maison !<\/em><\/span><\/span><span style=\"color: #ff0068;\"><span style=\"color: #ff0068;\"><span style=\"color: #a2ad00;\"><span style=\"color: #a2ad00;\"><span style=\"color: #ff0068;\"><span style=\"color: #8f848d;\"> <strong><br \/>\n<\/strong><\/span><\/span><\/span><\/span><\/span><\/span><\/span><\/span><\/span><\/span><span style=\"color: #ff0068;\"><span style=\"color: #ff0068;\"><br \/>\nLes fournitures ne sont pas comprises, lors de l&rsquo;atelier vous recevrez 10% de remise sur tous vos achats le jour du cours !<\/span><\/span><br \/>\n<span style=\"color: #ff0068;\"><span style=\"color: #ff0068;\"><span style=\"color: #ff0068;\"><span style=\"color: #ff0068;\"><span style=\"color: #ff0068;\"><span style=\"color: #ff0068;\"><span style=\"color: #ff0068;\"><span style=\"color: #a2ad00;\"><span style=\"color: #a2ad00;\"><span style=\"color: #ff0068;\"><span style=\"color: #8f848d;\"><strong><br \/>\n<\/strong><\/span><\/span><\/span><\/span><\/span><\/span><\/span><\/span><\/span><\/span><span style=\"color: #ff0068;\"><span style=\"color: #ff0068;\"><span style=\"color: #ff0068;\"><span style=\"color: #ff0068;\"><span style=\"color: #ff0068;\"><span style=\"color: #ff0068;\"><span style=\"color: #a2ad00;\"><span style=\"color: #a2ad00;\"><span style=\"color: #ff0068;\"><span style=\"color: #8f848d;\">La r\u00e9servation est confirm\u00e9e d\u00e8s r\u00e9ception de votre paiement, vous pouvez payer par virement bancaire ou par carte de cr\u00e9dit en toute s\u00e9curit\u00e9.<\/span><\/span><\/span><\/span><\/span><\/span><\/span><\/span><\/span><\/span><\/span>[\/vc_column_text][\/vc_column][vc_column width=\u00a0\u00bb1\/2&Prime;]<div class=\"dfd-info-banner style-11  text-center\" ><div class=\"image-wrap\"><div class=\"image-cover\"><img src=\"\" class=\"info-banner-image \" \/><\/div><div class=\"overlay\" ><\/div><div class=\"content-wrap\"><div class=\"info-box-title feature-title\" style=\"\">R\u00e9alisation de B\u00e9ret<\/div><div class=\"info-box-subtitle widget-sub-title subtitle\" style=\"\">Le chien vert<\/div><div class=\"wrap-delimiter\"><div class=\"delimiter\" ><\/div><\/div><div class=\"description\" style=\"\"><\/div><\/div><\/div><\/div>[\/vc_column][\/vc_row]<\/p>\n","protected":false},"excerpt":{"rendered":"<p>[vc_row][vc_column width=\u00a0\u00bb1\/2&Prime;][vc_column_text] Atelier Couture au Chien Vert &#8211; Hognoul &#8211; Cr\u00e9ation d&rsquo;un b\u00e9ret avec Isabelle. Date des cours : Jeudi 21 janvier de 14h00 \u00e0 17h00\u00a0 -&gt; r\u00e9server cet atelier<\/p>\n","protected":false},"author":1,"featured_media":0,"comment_status":"open","ping_status":"closed","sticky":false,"template":"","format":"gallery","meta":[],"categories":[2],"tags":[],"acf":[],"_links":{"self":[{"href":"http:\/\/www.perledechapeau.be\/index.php\/wp-json\/wp\/v2\/posts\/12987"}],"collection":[{"href":"http:\/\/www.perledechapeau.be\/index.php\/wp-json\/wp\/v2\/posts"}],"about":[{"href":"http:\/\/www.perledechapeau.be\/index.php\/wp-json\/wp\/v2\/types\/post"}],"author":[{"embeddable":true,"href":"http:\/\/www.perledechapeau.be\/index.php\/wp-json\/wp\/v2\/users\/1"}],"replies":[{"embeddable":true,"href":"http:\/\/www.perledechapeau.be\/index.php\/wp-json\/wp\/v2\/comments?post=12987"}],"version-history":[{"count":0,"href":"http:\/\/www.perledechapeau.be\/index.php\/wp-json\/wp\/v2\/posts\/12987\/revisions"}],"wp:attachment":[{"href":"http:\/\/www.perledechapeau.be\/index.php\/wp-json\/wp\/v2\/media?parent=12987"}],"wp:term":[{"taxonomy":"category","embeddable":true,"href":"http:\/\/www.perledechapeau.be\/index.php\/wp-json\/wp\/v2\/categories?post=12987"},{"taxonomy":"post_tag","embeddable":true,"href":"http:\/\/www.perledechapeau.be\/index.php\/wp-json\/wp\/v2\/tags?post=12987"}],"curies":[{"name":"wp","href":"https:\/\/api.w.org\/{rel}","templated":true}]}}